{"id":13930,"date":"2026-02-25T10:00:27","date_gmt":"2026-02-25T15:00:27","guid":{"rendered":"https:\/\/www.pearlsonly.hu\/blog\/?p=13930"},"modified":"2026-02-26T06:56:56","modified_gmt":"2026-02-26T12:56:56","slug":"thomas-sabo-pearl-bracelet","status":"publish","type":"post","link":"https:\/\/www.pearlsonly.hu\/blog\/thomas-sabo-pearl-bracelet\/","title":{"rendered":"Thomas Sabo gy\u00f6ngy kark\u00f6t\u0151"},"content":{"rendered":"<p>A bar\u00e1tn\u0151m Claire tavaly tavasszal egy esk\u00fcv\u0151n megl\u00e1tott valakit, aki Thomas Sabo gy\u00f6ngy kark\u00f6t\u0151t viselt. Nem b\u00edrt r\u00f3la lesz\u00e1llni. Az a m\u00f3d, ahogy a gy\u00f6ngy\u00f6ket abba a jellegzetes ez\u00fcst keretbe foglalt\u00e1k. Mennyire modern \u00e9s vag\u00e1ny volt, m\u00e9gis eleg\u00e1ns. Teljesen m\u00e1s, mint a hagyom\u00e1nyos gy\u00f6ngysorok. K\u00e9t h\u00e9ttel k\u00e9s\u0151bb \u0151 maga is vett egyet. Most m\u00e1r \u00e1lland\u00f3an hordja mindenhez \u2013 farmert\u0151l az est\u00e9lyi ruh\u00e1ig. Azt mondja, ez a legv\u00e1ltozatosabb \u00e9kszere, amit valaha birtokolt.<\/p>\n<p>\u00cdme, mi teszi a Thomas Sabo gy\u00f6ngy kark\u00f6t\u0151ket ilyen k\u00fcl\u00f6nlegess\u00e9: El\u0151sz\u00f6r is, ezek nem a nagymam\u00e1d gy\u00f6ngyei. A n\u00e9met m\u00e1rka nagyon komolyan veszi a kort\u00e1rs \u00e9kszertervez\u00e9st. M\u00e1sodszor, zseni\u00e1lisan keverik az anyagokat \u2013 gy\u00f6ngy\u00f6t ez\u00fcsttel innovat\u00edv m\u00f3don. Harmadszor, az \u00e1r-\u00e9rt\u00e9k ar\u00e1nyhoz k\u00e9pest val\u00f3ban massz\u00edv a min\u0151s\u00e9g. Val\u00f3di diz\u00e1jnt \u00e9s k\u00e9zm\u0171ves munk\u00e1t kapsz, nem csak a m\u00e1rkanevet fizeted meg. R\u00e1ad\u00e1sul a Thomas Sabo gy\u00f6ngy kark\u00f6t\u0151 darabok k\u00f6nnyed\u00e9n passzolnak a legk\u00fcl\u00f6nf\u00e9l\u00e9bb st\u00edlusokhoz.<\/p>\n<p>Sz\u00f3val n\u00e9zz\u00fck \u00e1t mindent a Thomas Sabo gy\u00f6ngy kark\u00f6t\u0151kr\u0151l. K\u00fcl\u00f6nb\u00f6z\u0151 kollekci\u00f3k \u00e9s st\u00edlusok. Min\u0151s\u00e9gi szabv\u00e1nyok. Hol lehet eredeti darabokat venni. Hogyan lehet felismerni a hamis\u00edtv\u00e1nyokat. St\u00edlustippek. \u00c1pol\u00e1si \u00fatmutat\u00f3. Minden, amire sz\u00fcks\u00e9ged van ahhoz, hogy eld\u00f6ntsd, illenek-e ezek a modern gy\u00f6ngy kark\u00f6t\u0151k a st\u00edlusodhoz \u00e9s a k\u00f6lts\u00e9gvet\u00e9sedhez.<\/p>\n<h2>Thomas Sabo \u2013 M\u00e1rka\u00e1ttekint\u00e9s<\/h2>\n<p>A Thomas Sabo 1984-ben indult N\u00e9metorsz\u00e1gban. A m\u00e1rka h\u00edrnev\u00e9t a kort\u00e1rs st\u00edlus\u00fa sterling ez\u00fcst \u00e9kszerekkel szerezte meg. Nem hagyom\u00e1nyos. Nem unalmas. Val\u00f3ban men\u0151 \u00e9kszerek, amelyeket az emberek nap mint nap viselni akarnak. R\u00e1ad\u00e1sul glob\u00e1lisan is hatalmasra n\u0151tt, \u00e9s az el\u00e9rhet\u0151 luxus \u00e9kszerpiac egyik meghat\u00e1roz\u00f3 szerepl\u0151j\u00e9v\u00e9 v\u00e1lt.<\/p>\n<p>A tervez\u00e9si filoz\u00f3fia az egy\u00e9nis\u00e9gre \u00e9s az \u00f6nkifejez\u00e9sre \u00e9p\u00fcl. Egyedi darabokkal saj\u00e1t st\u00edlust teremteni. R\u00e9tegezni az \u00e9kszereket, hogy megalkossuk a saj\u00e1t megjelen\u00e9s\u00fcnket. Ez a megk\u00f6zel\u00edt\u00e9s nagyon rezon\u00e1l azokn\u00e1l a n\u0151kn\u00e9l, akik olyan \u00e9kszereket szeretn\u00e9nek, amelyek a szem\u00e9lyis\u00e9g\u00fcket t\u00fckr\u00f6zik, nem pedig szigor\u00fa szab\u00e1lyokat k\u00f6vetnek.<\/p>\n<p><img data-recalc-dims=\"1\" loading=\"lazy\" decoding=\"async\" class=\"aligncenter wp-image-10471\" src=\"https:\/\/i0.wp.com\/www.pearlsonly.hu\/blog\/wp-content\/uploads\/2026\/02\/01.-Thomas-Sabo-Brand-Overview.png?resize=584%2C389&#038;ssl=1\" alt=\"\" width=\"584\" height=\"389\" \/><\/p>\n<p>Emellett a Thomas Sabo k\u00f6vetkezetesen magas min\u0151s\u00e9gi k\u00f6vetelm\u00e9nyeket tart fenn minden kollekci\u00f3ban. Val\u00f3di 925-\u00f6s sterling ez\u00fcst. Val\u00f3di dr\u00e1gak\u00f6vek. Val\u00f3di gy\u00f6ngy\u00f6k. Nem olcs\u00f3 divat\u00e9kszert kapsz, ami hamar sz\u00e9tesik. Az \u00e1rak azonban m\u00e9g mindig el\u00e9rhet\u0151ek az ultra-luxus m\u00e1rk\u00e1khoz k\u00e9pest \u2013 \u00edgy a min\u0151s\u00e9gi diz\u00e1jn sz\u00e9lesebb k\u00f6z\u00f6ns\u00e9g sz\u00e1m\u00e1ra v\u00e1lik el\u00e9rhet\u0151v\u00e9.<\/p>\n<h2>Thomas Sabo gy\u00f6ngy kark\u00f6t\u0151 kollekci\u00f3k<\/h2>\n<p>A Karma Beads kollekci\u00f3 a 925-\u00f6s sterling ez\u00fcst hordoz\u00f3kark\u00f6t\u0151k k\u00f6r\u00e9 \u00e9p\u00fcl. Ezek szolg\u00e1lnak alapk\u00e9nt, amelyekre dekorat\u00edv gy\u00f6ngy\u00f6ket \u2013 k\u00f6zt\u00fck gy\u00f6ngy\u00f6ket is \u2013 lehet feltenni. A rendszer azonban k\u00fcl\u00f6nb\u00f6zik a klasszikus charm kark\u00f6t\u0151kt\u0151l: a gy\u00f6ngy\u00f6k k\u00f6zvetlen\u00fcl a hordoz\u00f3kark\u00f6t\u0151re ker\u00fclnek fel. T\u00f6k\u00e9letes azoknak a n\u0151knek, akik saj\u00e1t, id\u0151vel v\u00e1ltoztathat\u00f3 Thomas Sabo gy\u00f6ngy kark\u00f6t\u0151 kombin\u00e1ci\u00f3kat szeretn\u00e9nek.<\/p>\n<p><img data-recalc-dims=\"1\" loading=\"lazy\" decoding=\"async\" class=\"aligncenter wp-image-10470\" src=\"https:\/\/i0.wp.com\/www.pearlsonly.hu\/blog\/wp-content\/uploads\/2026\/02\/02.-Thomas-Sabo-Pearl-Bracelet-Collections.png?resize=584%2C389&#038;ssl=1\" alt=\"\" width=\"584\" height=\"389\" \/><\/p>\n<p>Ugyanakkor a m\u00e1rka k\u00fcl\u00f6nb\u00f6z\u0151 ez\u00fcst kark\u00f6t\u0151 diz\u00e1jnokat k\u00edn\u00e1l gy\u00f6ngy\u00f6kkel. N\u00e9h\u00e1nyban a gy\u00f6ngy\u00f6ket k\u00f6zvetlen\u00fcl ez\u00fcst keretbe foglalj\u00e1k. M\u00e1sok gy\u00f6ngy\u00f6ket l\u00e1ncokkal vagy vegyes anyagokkal kombin\u00e1lnak. Kev\u00e9sb\u00e9 cser\u00e9lhet\u0151 charm-okr\u00f3l, sokkal ink\u00e1bb teljes, \u00e1tgondolt darabokr\u00f3l van sz\u00f3.<\/p>\n<p>Emellett a klasszikus sterling ez\u00fcst kollekci\u00f3kban a gy\u00f6ngy\u00f6ket eleg\u00e1ns, kifinomult foglalatban mutatj\u00e1k be. Ezek a diz\u00e1jnok ink\u00e1bb id\u0151tlenek, mint divatosak. Gy\u00f6ny\u00f6r\u0171en \u00e1llnak azoknak a n\u0151knek, akik a visszafogott kifinomults\u00e1got r\u00e9szes\u00edtik el\u0151nyben a hars\u00e1ny statement darabokkal szemben.<\/p>\n<h2>Gy\u00f6ngy min\u0151s\u00e9g a Thomas Sabo kark\u00f6t\u0151kben<\/h2>\n<p>A Thomas Sabo val\u00f3di \u00e9desv\u00edzi teny\u00e9sztett gy\u00f6ngy\u00f6ket haszn\u00e1l, amelyeket gondosan a j\u00f3 f\u00e9nyess\u00e9g\u00fck alapj\u00e1n v\u00e1logatnak ki. A m\u00e1rka hivatalosan nem haszn\u00e1l A-AAA min\u0151s\u00edt\u00e9si sk\u00e1l\u00e1t. Ehelyett magas min\u0151s\u00e9g\u0171 \u00e9desv\u00edzi gy\u00f6ngy\u00f6ket v\u00e1laszt, amelyek megfelelnek a saj\u00e1t megjelen\u00e9si \u00e9s tart\u00f3ss\u00e1gi elv\u00e1r\u00e1sainak minden Thomas Sabo gy\u00f6ngy kark\u00f6t\u0151 vonalon.<\/p>\n<p>Ugyanakkor ezeken az \u00e1rszinteken ne sz\u00e1m\u00edts m\u00fazeumi min\u0151s\u00e9g\u0171 vagy befektet\u00e9si gy\u00f6ngy\u00f6kre. A Thomas Sabo gy\u00f6ngy\u00f6k j\u00f3 min\u0151s\u00e9get k\u00edn\u00e1lnak sz\u00e9p f\u00e9nyess\u00e9ggel \u2013 t\u00f6k\u00e9letesen alkalmasak rendszeresen viselt divat\u00e9kszerekhez. A fel\u00fcleti \u00e9s alakbeli term\u00e9szetes elt\u00e9r\u00e9sek teljesen norm\u00e1lisak az \u00e9desv\u00edzi gy\u00f6ngy\u00f6kn\u00e9l.<\/p>\n<p><img data-recalc-dims=\"1\" loading=\"lazy\" decoding=\"async\" class=\"aligncenter wp-image-10469\" src=\"https:\/\/i0.wp.com\/www.pearlsonly.hu\/blog\/wp-content\/uploads\/2026\/02\/03.-Pearl-Quality-Thomas-Sabo.png?resize=584%2C389&#038;ssl=1\" alt=\"\" width=\"584\" height=\"389\" \/><\/p>\n<p>A hangs\u00faly a hordhat\u00f3s\u00e1gon \u00e9s a kort\u00e1rs diz\u00e1jnon van, nem pedig a finom gy\u00f6ngy specialist\u00e1kkal val\u00f3 verseng\u00e9sen. Olyan st\u00edlusos \u00e9kszert veszel, amely v\u00e9letlen\u00fcl val\u00f3di \u00e9desv\u00edzi gy\u00f6ngy\u00f6ket tartalmaz. Nem befektet\u00e9si min\u0151s\u00e9g\u0171 <b><a href=\"https:\/\/www.pearlsonly.hu\/pearl-bracelet\/\">gy\u00f6ngy kark\u00f6t\u0151ket<\/a><\/b> hagyom\u00e1nyos \u00e9kszer\u00e9szek k\u00e9sz\u00edt\u00e9s\u00e9ben.<\/p>\n<h2>925-\u00f6s sterling ez\u00fcst min\u0151s\u00e9ge<\/h2>\n<p>Minden Thomas Sabo \u00e9kszer val\u00f3di 925-\u00f6s sterling ez\u00fcstb\u0151l k\u00e9sz\u00fcl. Ez azt jelenti, hogy 92,5 % tiszta ez\u00fcst. B\u00e9lyegzett \u00e9s tan\u00fas\u00edtott. Nem ez\u00fcstrokozott alapf\u00e9m. Ez \u00f3ri\u00e1si jelent\u0151s\u00e9ggel b\u00edr a tart\u00f3ss\u00e1g \u00e9s a b\u0151rbar\u00e1ts\u00e1g szempontj\u00e1b\u00f3l. A sterling ez\u00fcst nem sz\u00ednezi z\u00f6ldre a csukl\u00f3dat, \u00e9s nem okoz allergi\u00e1t.<\/p>\n<p><img data-recalc-dims=\"1\" loading=\"lazy\" decoding=\"async\" class=\"aligncenter wp-image-10468\" src=\"https:\/\/i0.wp.com\/www.pearlsonly.hu\/blog\/wp-content\/uploads\/2026\/02\/04.-Sterling-Silver-Settings.png?resize=584%2C389&#038;ssl=1\" alt=\"\" width=\"584\" height=\"389\" \/><\/p>\n<p>Az ez\u00fcstmunka val\u00f3di k\u00e9zm\u0171ves munk\u00e1t mutat. R\u00e9szletgazdag diz\u00e1jnok. Biztons\u00e1gos foglalatok. Megb\u00edzhat\u00f3 z\u00e1rak, amelyek t\u00e9nyleg j\u00f3l m\u0171k\u00f6dnek. Szil\u00e1rd konstrukci\u00f3t kapsz \u2013 nem t\u00f6r\u00e9keny divat\u00e9kszert, ami p\u00e1r visel\u00e9s ut\u00e1n sz\u00e9tesik.<\/p>\n<p>Emellett a sterling ez\u00fcst id\u0151nk\u00e9nti tiszt\u00edt\u00e1st ig\u00e9nyel a f\u00e9nyess\u00e9g meg\u0151rz\u00e9s\u00e9hez. Az ez\u00fcst id\u0151vel term\u00e9szetesen oxid\u00e1l\u00f3dik. Egy egyszer\u0171 ez\u00fcsttiszt\u00edt\u00f3 kend\u0151vel azonban a f\u00e9ny gyorsan visszaj\u00f6n. A karbantart\u00e1s minim\u00e1lis egy val\u00f3di min\u0151s\u00e9ghez k\u00e9pest, ami \u00e9veken \u00e1t kitart.<\/p>\n<h2>Thomas Sabo gy\u00f6ngy kark\u00f6t\u0151 n\u00e9pszer\u0171 st\u00edlusai<\/h2>\n<p>Ez\u00fcst l\u00e1ncos kark\u00f6t\u0151k gy\u00f6ngy\u00f6kkel modern eleg\u00e1ns megjelen\u00e9st teremtenek. A gy\u00f6ngy\u00f6k k\u00fcl\u00f6nb\u00f6z\u0151 elrendez\u00e9sben emelik ki az ez\u00fcst l\u00e1ncokat. T\u00f6k\u00e9letesen m\u0171k\u00f6dnek mindennapi viselethez casual vagy \u00fczleti \u00f6lt\u00f6z\u00e9kkel. R\u00e1ad\u00e1sul a mozg\u00e1s \u00e9s a csillog\u00e1s vizu\u00e1lis \u00e9rdekess\u00e9get ad, messze t\u00falmutatva az egyszer\u0171 gy\u00f6ngysorokon.<\/p>\n<p><img data-recalc-dims=\"1\" loading=\"lazy\" decoding=\"async\" class=\"aligncenter wp-image-10467\" src=\"https:\/\/i0.wp.com\/www.pearlsonly.hu\/blog\/wp-content\/uploads\/2026\/02\/05.-Popular-Thomas-Sabo-Pearl-Styles.png?resize=584%2C389&#038;ssl=1\" alt=\"05. Thomas Sabo gy\u00f6ngy st\u00edlusok\" width=\"584\" height=\"389\" \/><\/p>\n<p>Ugyanakkor a gy\u00f6ngy\u00f6kkel kombin\u00e1lt merev ez\u00fcst bangle diz\u00e1jnok struktur\u00e1lt kifinomults\u00e1got k\u00edn\u00e1lnak. R\u00f6gz\u00edtett k\u00f6r alak\u00fa kark\u00f6t\u0151k gy\u00f6ngy\u00f6s kiemel\u00e9sekkel. Ezek csod\u00e1san \u00e1llnak k\u00fcl\u00f6nleges alkalmakon vagy ha kicsit form\u00e1lisabb \u00e9kszert szeretn\u00e9l.<\/p>\n<p>Emellett n\u00e9h\u00e1ny Thomas Sabo gy\u00f6ngy kark\u00f6t\u0151 diz\u00e1jn m\u00e1s anyagokkal is kombin\u00e1lja a gy\u00f6ngy\u00f6ket. Vegyes text\u00far\u00e1k modern eszt\u00e9tik\u00e1t teremtenek. Ez a v\u00e1ltozatoss\u00e1g lehet\u0151v\u00e9 teszi, hogy pontosan azokat a darabokat megtal\u00e1ld, amelyek illenek a saj\u00e1t st\u00edluspreferenci\u00e1idhoz.<\/p>\n<h2>Thomas Sabo kark\u00f6t\u0151k m\u00e9retez\u00e9se<\/h2>\n<p>A Thomas Sabo kark\u00f6t\u0151k \u00e1ltal\u00e1ban centim\u00e9teres m\u00e9retez\u00e9st haszn\u00e1lnak. Nincsenek \u00e1ltal\u00e1nos S\/M\/L jel\u00f6l\u00e9sek. M\u00e9rj \u00f3vatosan csukl\u00f3k\u00f6rt centim\u00e9terben, miel\u0151tt rendelkezel. Ellen\u0151rizd a konkr\u00e9t term\u00e9km\u00e9reteket a Thomas Sabo weboldal\u00e1n, hogy biztosan megfelel\u0151 legyen az illeszked\u00e9s.<\/p>\n<p>Sok Thomas Sabo diz\u00e1jn rendelkezik \u00e1ll\u00edthat\u00f3 z\u00e1rral vagy hosszabb\u00edt\u00f3 l\u00e1nccal. Cs\u00fasztathat\u00f3 mechanizmusok, amelyek lehet\u0151v\u00e9 teszik a m\u00e9ret finomhangol\u00e1s\u00e1t egy adott tartom\u00e1nyon bel\u00fcl. Ez a rugalmass\u00e1g azt jelenti, hogy egy m\u00e9ret k\u00e9nyelmesen passzol t\u00f6bb csukl\u00f3m\u00e9retre is.<\/p>\n<p>A merev bangle-ok azonban pontos m\u00e9retet ig\u00e9nyelnek. T\u00fal szorosak k\u00e9nyelmetlenek vagy nem mennek \u00e1t a k\u00e9zen. T\u00fal laz\u00e1k ideges\u00edt\u0151en cs\u00faszk\u00e1lnak. Ha lehet, pr\u00f3b\u00e1ld fel \u0151ket boltban, hogy biztosan megfelel\u0151 m\u00e9retet v\u00e1lassz v\u00e1s\u00e1rl\u00e1s el\u0151tt.<\/p>\n<h2>Hol lehet eredeti darabokat v\u00e1s\u00e1rolni<\/h2>\n<p>A hivatalos Thomas Sabo weboldal teljes v\u00e1laszt\u00e9kot k\u00edn\u00e1l val\u00f3dis\u00e1gi garanci\u00e1val. Leg\u00fajabb megjelen\u00e9sek. Teljes m\u00e9retv\u00e1laszt\u00e9k. Az \u00e1rak azonban \u00e1ltal\u00e1ban teljes kiskereskedelmi \u00e1rak kedvezm\u00e9ny n\u00e9lk\u00fcl. Emellett az \u00fcgyf\u00e9lszolg\u00e1lat k\u00f6zvetlen\u00fcl v\u00e1laszol a Thomas Sabo gy\u00f6ngy kark\u00f6t\u0151 specifik\u00e1ci\u00f3ival kapcsolatos k\u00e9rd\u00e9sekre.<\/p>\n<p>Enged\u00e9lyezett kiskeresked\u0151k, p\u00e9ld\u00e1ul \u00e1ruh\u00e1zak tartj\u00e1k a Thomas Sabo-t. John Lewis, Selfridges az Egyes\u00fclt Kir\u00e1lys\u00e1gban. Nordstrom, Bloomingdale\u2019s az USA-ban. Ezek a megb\u00edzhat\u00f3 keresked\u0151k garant\u00e1lj\u00e1k a val\u00f3dis\u00e1got \u00e9s tiszteletben tartj\u00e1k a garanci\u00e1t. R\u00e1ad\u00e1sul l\u00e1thatod \u00e9s felpr\u00f3b\u00e1lhatod a darabokat v\u00e1s\u00e1rl\u00e1s el\u0151tt.<\/p>\n<p><img data-recalc-dims=\"1\" loading=\"lazy\" decoding=\"async\" class=\"aligncenter wp-image-10466\" src=\"https:\/\/i0.wp.com\/www.pearlsonly.hu\/blog\/wp-content\/uploads\/2026\/02\/06.-Where-to-Buy-Authentic-Pieces.png?resize=584%2C389&#038;ssl=1\" alt=\"06. Hol lehet eredeti darabokat v\u00e1s\u00e1rolni\" width=\"584\" height=\"389\" \/><\/p>\n<p>Online piactereken extr\u00e9m \u00f3vatoss\u00e1g sz\u00fcks\u00e9ges. Az Amazon \u00e9s az eBay tele van val\u00f3di \u00e9s hamis Thomas Sabo term\u00e9kekkel. Csak enged\u00e9lyezett elad\u00f3kt\u00f3l v\u00e1s\u00e1rolj kiv\u00e1l\u00f3 \u00e9rt\u00e9kel\u00e9sekkel. Ellen\u0151rizd alaposan a visszak\u00fcld\u00e9si felt\u00e9teleket. A megtakar\u00edt\u00e1s \u00e1ltal\u00e1ban nem \u00e9ri meg a hamis\u00edtv\u00e1ny kock\u00e1zat\u00e1t.<\/p>\n<h2>Hogyan ismerj\u00fck fel a hamis Thomas Sabo-t<\/h2>\n<p>Az \u00e1r a legnagyobb v\u00e9szjel a hamis\u00edtv\u00e1nyokn\u00e1l. Ha egy Thomas Sabo gy\u00f6ngy kark\u00f6t\u0151 csak t\u00f6red\u00e9k\u00e9\u00e9rt k\u00edn\u00e1lj\u00e1k a kiskereskedelmi \u00e1rnak, val\u00f3sz\u00edn\u0171leg hamis. A hamis\u00edt\u00f3k el\u00e1rasztj\u00e1k az online piacokat olcs\u00f3 m\u00e1solatokkal. Az eredeti Thomas Sabo azonban minim\u00e1lis \u00e1rszintet tart fenn.<\/p>\n<p>Ellen\u0151rizd alaposan a b\u00e9lyegeket. Az eredeti darabokon vil\u00e1gos 925 sterling silver b\u00e9lyeg van. Emellett a Thomas Sabo log\u00f3nak \u00e9lesnek \u00e9s tiszt\u00e1nak kell lennie. A hamis\u00edtv\u00e1nyokon a jel\u00f6l\u00e9sek gyakran elmos\u00f3dottak vagy rosszul kivitelezettek, \u00e9s nem felelnek meg a hivatalos szabv\u00e1nyoknak.<\/p>\n<p>Tov\u00e1bb\u00e1 a csomagol\u00e1s is sz\u00e1m\u00edt az eredetis\u00e9g ellen\u0151rz\u00e9s\u00e9n\u00e9l. Az eredeti Thomas Sabo m\u00e1rk\u00e1s dobozban \u00e9rkezik \u00e1pol\u00e1si k\u00e1rty\u00e1kkal \u00e9s eredetis\u00e9gi inform\u00e1ci\u00f3kkal. Olcs\u00f3 csomagol\u00e1s vagy teljes csomagol\u00e1s hi\u00e1nya er\u0151sen hamis\u00edtv\u00e1nyra utal.<\/p>\n<h2>Thomas Sabo gy\u00f6ngy kark\u00f6t\u0151k styling tippek<\/h2>\n<p>A h\u00e9tk\u00f6znapi casual viselet t\u00f6k\u00e9letesen m\u0171k\u00f6dik a Thomas Sabo diz\u00e1jnokkal. A kort\u00e1rs megjelen\u00e9s remek\u00fcl passzol farmerhez, p\u00f3l\u00f3hoz, laza ruh\u00e1khoz. Nem n\u00e9zel ki t\u00fal\u00f6lt\u00f6z\u00f6ttnek, ha min\u0151s\u00e9gi \u00e9kszert viselsz laza outfithez. Ellenkez\u0151leg: rendezett \u00e9s tudatos benyom\u00e1st keltesz a saj\u00e1t Thomas Sabo gy\u00f6ngy kark\u00f6t\u0151ddel.<\/p>\n<p><img data-recalc-dims=\"1\" loading=\"lazy\" decoding=\"async\" class=\"aligncenter wp-image-10465\" src=\"https:\/\/i0.wp.com\/www.pearlsonly.hu\/blog\/wp-content\/uploads\/2026\/02\/07.-Styling-Thomas-Sabo-Pearl-Bracelets.png?resize=584%2C389&#038;ssl=1\" alt=\"07. Thomas Sabo gy\u00f6ngy kark\u00f6t\u0151 styling\" width=\"584\" height=\"389\" \/><\/p>\n<p>Az irodai k\u00f6rnyezetben \u00e9rt\u00e9kelik a kifinomult csavart, amit a Thomas Sabo hoz. A gy\u00f6ngy kark\u00f6t\u0151k szem\u00e9lyis\u00e9get adnak az \u00fczleti \u00f6lt\u00f6z\u00e9knek an\u00e9lk\u00fcl, hogy t\u00fal hivalkod\u00f3ak vagy alkalmatlanok lenn\u00e9nek. A gy\u00f6ngy\u00f6k eleganci\u00e1t hoznak, m\u00edg az ez\u00fcst mindent modern \u00e9s aktu\u00e1lis szinten tart.<\/p>\n<p>Este \u00e9s k\u00fcl\u00f6nleges alkalmakon ezek a darabok meglep\u0151en j\u00f3l m\u0171k\u00f6dnek. T\u00f6bb kark\u00f6t\u0151t r\u00e9tegezz dramatikus hat\u00e1s\u00e9rt. Vagy viselj egyetlen statement darabot \u00e9s hagyd ragyogni. A sokoldal\u00fas\u00e1g \u0151szint\u00e9n leny\u0171g\u00f6z\u0151 ehhez az \u00e1rszinthez.<\/p>\n<h2>T\u00f6bb kark\u00f6t\u0151 r\u00e9tegez\u00e9se (Layering)<\/h2>\n<p>A Thomas Sabo diz\u00e1jnok kiv\u00e1l\u00f3an r\u00e9tegezhet\u0151k m\u00e1s darabokkal. Keverd a gy\u00f6ngy kark\u00f6t\u0151ket sima ez\u00fcst bangle-okkal. Kombin\u00e1lj k\u00fcl\u00f6nb\u00f6z\u0151 text\u00far\u00e1kat \u00e9s fel\u00fcleteket. Ez a \u201egy\u0171jt\u00f6tt\u201d megjelen\u00e9s szem\u00e9lyes \u00e9s kifejez\u0151 \u2013 nem unalmasan \u00f6sszehangolt.<\/p>\n<p>Kezdd maximum k\u00e9t-h\u00e1rom darabbal. N\u00e9zd meg, hogyan n\u00e9z ki \u00e9s hogyan \u00e9rzed a csukl\u00f3don. Azt\u00e1n fokozatosan adj hozz\u00e1 t\u00f6bbet, ha szeretn\u00e9d. T\u00fal sok kark\u00f6t\u0151 zs\u00fafolt \u00e9s t\u00falterhelt hat\u00e1st kelthet. R\u00e1ad\u00e1sul a s\u00faly napi viseletn\u00e9l k\u00e9nyelmetlenn\u00e9 v\u00e1lhat.<\/p>\n<p><img data-recalc-dims=\"1\" loading=\"lazy\" decoding=\"async\" class=\"aligncenter wp-image-10464\" src=\"https:\/\/i0.wp.com\/www.pearlsonly.hu\/blog\/wp-content\/uploads\/2026\/02\/08.-Layering-and-Stacking.png?resize=584%2C389&#038;ssl=1\" alt=\"08. R\u00e9tegez\u00e9s \u00e9s stacking\" width=\"584\" height=\"389\" \/><\/p>\n<p>Emellett b\u00e1tran kombin\u00e1lhatod a Thomas Sabo-t m\u00e1s m\u00e1rk\u00e1kkal. Az ez\u00fcst a legt\u00f6bb \u00e9kszerf\u00e9mhez passzol. A gy\u00f6ngy\u00f6k univerz\u00e1lisan kompatibilisek. Nem kell kiz\u00e1r\u00f3lag Thomas Sabo darabokra korl\u00e1toznod magad. Olyan kombin\u00e1ci\u00f3kat alkoss, amelyek a val\u00f3di st\u00edluspreferenci\u00e1idat t\u00fckr\u00f6zik.<\/p>\n<h2>Thomas Sabo gy\u00f6ngy kark\u00f6t\u0151k \u00e1rtartom\u00e1nya<\/h2>\n<p>Az alap Thomas Sabo gy\u00f6ngy kark\u00f6t\u0151k \u00e1ltal\u00e1ban 50\u201380 \u00a3 k\u00f6r\u00fcl indulnak. Egyszer\u0171bb diz\u00e1jnok. Minim\u00e1lis gy\u00f6ngytartalom. Ennek ellen\u00e9re val\u00f3di anyagok \u00e9s min\u0151s\u00e9gi kivitelez\u00e9s m\u00e1r az alap szinten is. J\u00f3 kiindul\u00f3pont, hogy teszteld, tetszik-e a m\u00e1rka eszt\u00e9tik\u00e1ja \u00e9s illik-e hozz\u00e1d egy Thomas Sabo gy\u00f6ngy kark\u00f6t\u0151.<\/p>\n<p>A k\u00f6z\u00e9ps\u0151 \u00e1rkateg\u00f3ria \u00e1ltal\u00e1ban 100\u2013200 \u00a3 k\u00f6z\u00f6tt mozog. Kidolgozottabb diz\u00e1jnok. T\u00f6bb gy\u00f6ngy vagy bonyolultabb ez\u00fcstmunka. Ez a s\u00e1v j\u00f3 \u00e9rt\u00e9ket k\u00edn\u00e1l \u2013 jelent\u0151s \u00e9kszerek el\u00e9rhet\u0151 \u00e1ron a legt\u00f6bb k\u00f6lts\u00e9gvet\u00e9shez an\u00e9lk\u00fcl, hogy a min\u0151s\u00e9gb\u0151l engedn\u00e9nk.<\/p>\n<p>A pr\u00e9mium Thomas Sabo kollekci\u00f3k azonban meghaladhatj\u00e1k a 250\u2013300 \u00a3-ot. Komplex diz\u00e1jnok. T\u00f6bb \u00e9rt\u00e9kes anyag. Korl\u00e1tozott kiad\u00e1sok vagy k\u00fcl\u00f6nleges kollekci\u00f3k. Ezek befektet\u00e9si darabok a Thomas Sabo k\u00edn\u00e1laton bel\u00fcl, de m\u00e9g mindig el\u00e9rhet\u0151ek az ultra-luxus m\u00e1rk\u00e1khoz k\u00e9pest.<\/p>\n<h2>Thomas Sabo gy\u00f6ngy kark\u00f6t\u0151k \u00e1pol\u00e1sa<\/h2>\n<p>Vedd le a Thomas Sabo gy\u00f6ngy kark\u00f6t\u0151ket zuhanyz\u00e1s, \u00fasz\u00e1s vagy sz\u00e9ps\u00e9g\u00e1pol\u00e1si term\u00e9kek haszn\u00e1lata el\u0151tt. A vegyszerek k\u00e1ros\u00edtj\u00e1k mind az \u00e9desv\u00edzi gy\u00f6ngy\u00f6ket, mind az ez\u00fcst\u00f6t. K\u00e9t m\u00e1sodperc alatt leveheted \u0151ket. Megel\u0151z\u00f6d az olyan k\u00e1rokat, amelyek dr\u00e1ga jav\u00edt\u00e1st vagy a Thomas Sabo gy\u00f6ngy kark\u00f6t\u0151 cser\u00e9j\u00e9t tenn\u00e9k sz\u00fcks\u00e9gess\u00e9.<\/p>\n<p>A gy\u00f6ngy\u00f6ket finoman tiszt\u00edtsd puha, nedves kend\u0151vel. Haszn\u00e1lat ut\u00e1n t\u00f6r\u00f6ld le, hogy elt\u00e1vol\u00edtsd az olajokat \u00e9s szennyez\u0151d\u00e9seket. K\u00f6zben az ez\u00fcst\u00f6t speci\u00e1lis ez\u00fcsttiszt\u00edt\u00f3 kend\u0151vel lehet pol\u00edrozni, ha mattul. Tartsd k\u00fcl\u00f6n a tiszt\u00edt\u00f3szereket \u2013 ami j\u00f3 az ez\u00fcstnek, \u00e1rt a gy\u00f6ngy\u00f6knek.<\/p>\n<p><img data-recalc-dims=\"1\" loading=\"lazy\" decoding=\"async\" class=\"aligncenter wp-image-10463\" src=\"https:\/\/i0.wp.com\/www.pearlsonly.hu\/blog\/wp-content\/uploads\/2026\/02\/09.-Caring-for-Thomas-Sabo-Pearls.png?resize=584%2C389&#038;ssl=1\" alt=\"09. Thomas Sabo gy\u00f6ngy\u00f6k \u00e1pol\u00e1sa\" width=\"584\" height=\"389\" \/><\/p>\n<p>Emellett megfelel\u0151en t\u00e1rold \u0151ket, ha nem viseled. Puha tasakban vagy az eredeti Thomas Sabo dobozban tartsd \u0151ket. Ne dobd \u00f6ssze m\u00e1s \u00e9kszerekkel, ahol \u00f6sszegabalyodhatnak vagy megkarcol\u00f3dhatnak. A megfelel\u0151 t\u00e1rol\u00e1s jelent\u0151sen meghosszabb\u00edtja az \u00e9kszerek \u00e9lettartam\u00e1t.<\/p>\n<h2>Garancia \u00e9s jav\u00edt\u00e1sok<\/h2>\n<p>A Thomas Sabo gy\u00e1rt\u00e1si hib\u00e1kra garanci\u00e1t v\u00e1llal. \u00c1ltal\u00e1ban k\u00e9t \u00e9v a v\u00e1s\u00e1rl\u00e1s d\u00e1tum\u00e1t\u00f3l. A garancia azonban nem terjed ki a norm\u00e1l kop\u00e1sra, baleseti s\u00e9r\u00fcl\u00e9sekre vagy helytelen \u00e1pol\u00e1sra. Tartsd meg a v\u00e1s\u00e1rl\u00e1si bizonylatokat a garanci\u00e1lis ig\u00e9nyekhez.<\/p>\n<p>Az enged\u00e9lyezett keresked\u0151k kezelik a garanci\u00e1lis ig\u00e9nyeket \u00e9s jav\u00edt\u00e1sokat. Vidd vissza az \u00fczletbe, ahol v\u00e1s\u00e1roltad. Megvizsg\u00e1lj\u00e1k, hogy a probl\u00e9ma fedezett-e vagy fizet\u0151s jav\u00edt\u00e1st ig\u00e9nyel. A feldolgoz\u00e1si id\u0151k v\u00e1ltoz\u00f3ak, de \u00e1ltal\u00e1ban t\u00f6bb h\u00e9t az hivatalos csatorn\u00e1kon kereszt\u00fcl.<\/p>\n<p>Emellett f\u00fcggetlen \u00e9kszer\u00e9szek n\u00e9ha tudnak Thomas Sabo darabokat jav\u00edtani. Lehet gyorsabb vagy olcs\u00f3bb, mint a hivatalos \u00fat. Azonban nem enged\u00e9lyezett jav\u00edt\u00e1s haszn\u00e1lata \u00e9rv\u00e9nytelen\u00edtheti a megmaradt garanci\u00e1t. M\u00e9rlegeld a lehet\u0151s\u00e9geket a konkr\u00e9t helyzet \u00e9s a m\u00e9g fenn\u00e1ll\u00f3 garanciaid\u0151 alapj\u00e1n.<\/p>\n<h2>Alternat\u00edv\u00e1k a Thomas Sabo-hoz<\/h2>\n<p>A Pandora hasonl\u00f3 kort\u00e1rs eszt\u00e9tik\u00e1t k\u00edn\u00e1l charm rendszerrel. Keverj \u00e9s p\u00e1ros\u00edts egyedi megjelen\u00e9sekhez. Hasonl\u00f3 \u00e1rszintek \u00e9s min\u0151s\u00e9gi norm\u00e1k. A Pandora azonban kiss\u00e9 n\u0151iesebb \u00e9s finomabb ir\u00e1nyba hajlik, mint a Thomas Sabo \u00e9lesebb, modernebb diz\u00e1jnjai.<\/p>\n<p>Ek\u00f6zben a Swarovski krist\u00e1lyk\u00f6zpont\u00fa \u00e9kszereket k\u00edn\u00e1l hasonl\u00f3 \u00e1ron. T\u00f6bb csillog\u00e1s, kevesebb specifikus f\u00f3kusz a gy\u00f6ngy\u00f6k\u00f6n. Olyan n\u0151ket vonz, akik maxim\u00e1lis vizu\u00e1lis hat\u00e1st \u00e9s ragyog\u00e1st szeretn\u00e9nek a \u00e9kszereikt\u0151l.<\/p>\n<p>Emellett a hagyom\u00e1nyos <b><a href=\"https:\/\/www.pearlsonly.hu\/freshwater-pearls\/\">\u00e9desv\u00edzi gy\u00f6ngy<\/a><\/b> specialist\u00e1k teljesen m\u00e1s \u00e9rt\u00e9kaj\u00e1nlatot ny\u00fajtanak. Gyakran magasabb gy\u00f6ngy min\u0151s\u00e9g. Klasszikusabb, hagyom\u00e1nyosabb diz\u00e1jnok. Kev\u00e9sb\u00e9 divatosak, de potenci\u00e1lisan jobb hossz\u00fa t\u00e1v\u00fa befektet\u00e9s, ha a hagyom\u00e1nyos gy\u00f6ngy \u00e9kszereket r\u00e9szes\u00edted el\u0151nyben.<\/p>\n<h2>\u00c1tad\u00e1si \u00e9rt\u00e9k megfontol\u00e1sok<\/h2>\n<p>A Thomas Sabo-nak m\u00e9rs\u00e9kelt tov\u00e1bb\u00e9rt\u00e9kes\u00edt\u00e9si \u00e9rt\u00e9ke van. Nem olyan befektet\u00e9si darabok, amelyek id\u0151vel \u00e9rt\u00e9kel\u0151dnek fel. Azonban a m\u00e1rka ismerts\u00e9ge miatt l\u00e9tezik tisztess\u00e9ges m\u00e1sodlagos piac. Haszn\u00e1lt darabokat eladva egy r\u00e9sz\u00e9t visszaszerezheted az eredeti \u00e1rnak tov\u00e1bb\u00e9rt\u00e9kes\u00edt\u00e9si platformokon kereszt\u00fcl.<\/p>\n<p>Az \u00e1llapot rendk\u00edv\u00fcl fontos a tov\u00e1bb\u00e9rt\u00e9kes\u00edt\u00e9si \u00e9rt\u00e9k szempontj\u00e1b\u00f3l. J\u00f3l karbantartott darabok eredeti csomagol\u00e1ssal sokkal jobban eladhat\u00f3k. Emellett a n\u00e9pszer\u0171 klasszikus diz\u00e1jnok jobban tartj\u00e1k az \u00e9rt\u00e9ket, mint a gyorsan kiment divatb\u00f3l kiker\u00fcl\u0151 limit\u00e1lt kiad\u00e1sok.<\/p>\n<p>Platformok mint Depop, Vinted \u00e9s eBay megk\u00f6nny\u00edtik a Thomas Sabo tov\u00e1bb\u00e9rt\u00e9kes\u00edt\u00e9st. Realisztikusan maximum 40\u201360 % az eredeti kiskereskedelmi \u00e1rb\u00f3l \u00e9rhet\u0151 el. Vedd ezt figyelembe a v\u00e1s\u00e1rl\u00e1si d\u00f6nt\u00e9sn\u00e9l, ha a k\u00e9s\u0151bbi tov\u00e1bbad\u00e1s sz\u00e1modra fontos.<\/p>\n<h2>A v\u00e1s\u00e1rl\u00e1si d\u00f6nt\u00e9sed meghozatala<\/h2>\n<p>El\u0151sz\u00f6r is \u0151szint\u00e9n gondold \u00e1t a saj\u00e1t st\u00edlusodat. Vonzz\u00e1k a modern, vag\u00e1ny \u00e9kszerek vagy ink\u00e1bb a klasszikus hagyom\u00e1nyos diz\u00e1jnokat kedveled? A Thomas Sabo az els\u0151 csoporthoz illik. Ha azonban id\u0151tlen, hagyom\u00e1nyos gy\u00f6ngy \u00e9kszereket keresel, a hagyom\u00e1nyos m\u00e1rk\u00e1k jobban megfelelhetnek.<\/p>\n<p>Ezut\u00e1n gondold \u00e1t alaposan a viseleti szok\u00e1saidat. Minden nap hordod vagy csak alkalmank\u00e9nt? A Thomas Sabo diz\u00e1jnok kiemelkednek a mindennapi hordhat\u00f3s\u00e1gban. A kort\u00e1rs megjelen\u00e9s er\u0151fesz\u00edt\u00e9s n\u00e9lk\u00fcl m\u0171k\u00f6dik casual \u00e9s professzion\u00e1lis szettekn\u00e9l. Egy Thomas Sabo gy\u00f6ngy kark\u00f6t\u0151 gy\u00f6ny\u00f6r\u0171en alkalmazkodik a k\u00fcl\u00f6nb\u00f6z\u0151 alkalmakhoz.<\/p>\n<p>V\u00e9g\u00fcl re\u00e1lisan k\u00f6lts\u00e9gvet\u00e9zz an\u00e9lk\u00fcl, hogy anyagilag t\u00falfesz\u00edten\u00e9d magad. A Thomas Sabo val\u00f3di min\u0151s\u00e9get k\u00edn\u00e1l el\u00e9rhet\u0151 \u00e1ron. Ne sz\u00e1m\u00edts azonban ultra-pr\u00e9mium gy\u00f6ngy\u00f6kre vagy befektet\u00e9si min\u0151s\u00e9g\u0171 \u00e9kszerekre. Olyan j\u00f3l megtervezett, hordhat\u00f3 darabokat veszel val\u00f3di anyagokb\u00f3l, nem versenyezel a finom \u00e9kszer specialist\u00e1kkal.<\/p>\n","protected":false},"excerpt":{"rendered":"<p>Thomas Sabo pearl bracelet combines modern design with classic elegance. Discover styles, quality and shopping tips. <a href=\"https:\/\/www.pearlsonly.hu\/blog\/thomas-sabo-pearl-bracelet\/\">Continue reading <span class=\"meta-nav\">&rarr;<\/span><\/a><\/p>\n","protected":false},"author":1,"featured_media":13933,"comment_status":"closed","ping_status":"closed","sticky":false,"template":"","format":"standard","meta":{"_jetpack_memberships_contains_paid_content":false,"footnotes":"","jetpack_publicize_message":"","jetpack_publicize_feature_enabled":true,"jetpack_social_post_already_shared":true,"jetpack_social_options":{"image_generator_settings":{"template":"highway","default_image_id":0,"font":"","enabled":false},"version":2}},"categories":[6065],"tags":[6280,6111,6281,6279],"class_list":["post-13930","post","type-post","status-publish","format-standard","has-post-thumbnail","hentry","category-pearl-bracelets","tag-designer-pearl-bracelet","tag-luxury-pearl-jewelry","tag-thomas-sabo-jewelry","tag-thomas-sabo-pearl-bracelet"],"yoast_head":"<!-- This site is optimized with the Yoast SEO Premium plugin v21.4 (Yoast SEO v27.4) - https:\/\/yoast.com\/product\/yoast-seo-premium-wordpress\/ -->\n<title>Thomas Sabo Pearl Bracelet - PearlsOnly<\/title>\n<meta name=\"description\" content=\"Thomas Sabo pearl bracelet combines modern design with classic elegance. Discover styles, quality and shopping tips.\" \/>\n<meta name=\"robots\" content=\"index, follow, max-snippet:-1, max-image-preview:large, max-video-preview:-1\" \/>\n<link rel=\"canonical\" href=\"https:\/\/www.pearlsonly.hu\/blog\/thomas-sabo-pearl-bracelet\/\" \/>\n<meta property=\"og:locale\" content=\"en_US\" \/>\n<meta property=\"og:type\" content=\"article\" \/>\n<meta property=\"og:title\" content=\"Thomas Sabo Pearl Bracelet - PearlsOnly\" \/>\n<meta property=\"og:description\" content=\"Thomas Sabo pearl bracelet combines modern design with classic elegance. Discover styles, quality and shopping tips.\" \/>\n<meta property=\"og:url\" content=\"https:\/\/www.pearlsonly.hu\/blog\/thomas-sabo-pearl-bracelet\/\" \/>\n<meta property=\"og:site_name\" content=\"PearlsOnly Hungary\" \/>\n<meta property=\"article:publisher\" content=\"http:\/\/facebook.com\/pearlsonly\" \/>\n<meta property=\"article:published_time\" content=\"2026-02-25T15:00:27+00:00\" \/>\n<meta property=\"article:modified_time\" content=\"2026-02-26T12:56:56+00:00\" \/>\n<meta property=\"og:image\" content=\"https:\/\/www.pearlsonly.hu\/blog\/wp-content\/uploads\/2026\/02\/00.-pearlsonly-blog-137-feature-image-pearl-thomas-sabo-pearl-bracelet-Pearls-Jewelry-pearlsonly-300x300.png\" \/>\n<meta name=\"author\" content=\"PearlsOnly HU Team\" \/>\n<meta name=\"twitter:label1\" content=\"Written by\" \/>\n\t<meta name=\"twitter:data1\" content=\"PearlsOnly HU Team\" \/>\n\t<meta name=\"twitter:label2\" content=\"Est. reading time\" \/>\n\t<meta name=\"twitter:data2\" content=\"11 minutes\" \/>\n<script type=\"application\/ld+json\" class=\"yoast-schema-graph\">{\"@context\":\"https:\\\/\\\/schema.org\",\"@graph\":[{\"@type\":\"Article\",\"@id\":\"https:\\\/\\\/www.pearlsonly.hu\\\/blog\\\/thomas-sabo-pearl-bracelet\\\/#article\",\"isPartOf\":{\"@id\":\"https:\\\/\\\/www.pearlsonly.hu\\\/blog\\\/thomas-sabo-pearl-bracelet\\\/\"},\"author\":{\"name\":\"PearlsOnly HU Team\",\"@id\":\"https:\\\/\\\/www.pearlsonly.com\\\/blog\\\/#\\\/schema\\\/person\\\/f0e78910bca5e7392f4aa7a86674a415\"},\"headline\":\"Thomas Sabo gy\u00f6ngy kark\u00f6t\u0151\",\"datePublished\":\"2026-02-25T15:00:27+00:00\",\"dateModified\":\"2026-02-26T12:56:56+00:00\",\"mainEntityOfPage\":{\"@id\":\"https:\\\/\\\/www.pearlsonly.hu\\\/blog\\\/thomas-sabo-pearl-bracelet\\\/\"},\"wordCount\":3295,\"image\":{\"@id\":\"https:\\\/\\\/www.pearlsonly.hu\\\/blog\\\/thomas-sabo-pearl-bracelet\\\/#primaryimage\"},\"thumbnailUrl\":\"https:\\\/\\\/i0.wp.com\\\/www.pearlsonly.hu\\\/blog\\\/wp-content\\\/uploads\\\/2026\\\/02\\\/00.-pearlsonly-blog-137-feature-image-pearl-thomas-sabo-pearl-bracelet-Pearls-Jewelry-pearlsonly.png?fit=1024%2C1024&ssl=1\",\"keywords\":[\"designer pearl bracelet\",\"luxury pearl jewelry\",\"Thomas Sabo jewelry\",\"Thomas Sabo pearl bracelet\"],\"articleSection\":[\"pearl bracelets\"],\"inLanguage\":\"en-US\"},{\"@type\":\"WebPage\",\"@id\":\"https:\\\/\\\/www.pearlsonly.hu\\\/blog\\\/thomas-sabo-pearl-bracelet\\\/\",\"url\":\"https:\\\/\\\/www.pearlsonly.hu\\\/blog\\\/thomas-sabo-pearl-bracelet\\\/\",\"name\":\"Thomas Sabo Pearl Bracelet - PearlsOnly\",\"isPartOf\":{\"@id\":\"https:\\\/\\\/www.pearlsonly.com\\\/blog\\\/#website\"},\"primaryImageOfPage\":{\"@id\":\"https:\\\/\\\/www.pearlsonly.hu\\\/blog\\\/thomas-sabo-pearl-bracelet\\\/#primaryimage\"},\"image\":{\"@id\":\"https:\\\/\\\/www.pearlsonly.hu\\\/blog\\\/thomas-sabo-pearl-bracelet\\\/#primaryimage\"},\"thumbnailUrl\":\"https:\\\/\\\/i0.wp.com\\\/www.pearlsonly.hu\\\/blog\\\/wp-content\\\/uploads\\\/2026\\\/02\\\/00.-pearlsonly-blog-137-feature-image-pearl-thomas-sabo-pearl-bracelet-Pearls-Jewelry-pearlsonly.png?fit=1024%2C1024&ssl=1\",\"datePublished\":\"2026-02-25T15:00:27+00:00\",\"dateModified\":\"2026-02-26T12:56:56+00:00\",\"author\":{\"@id\":\"https:\\\/\\\/www.pearlsonly.com\\\/blog\\\/#\\\/schema\\\/person\\\/f0e78910bca5e7392f4aa7a86674a415\"},\"description\":\"Thomas Sabo pearl bracelet combines modern design with classic elegance. Discover styles, quality and shopping tips.\",\"breadcrumb\":{\"@id\":\"https:\\\/\\\/www.pearlsonly.hu\\\/blog\\\/thomas-sabo-pearl-bracelet\\\/#breadcrumb\"},\"inLanguage\":\"en-US\",\"potentialAction\":[{\"@type\":\"ReadAction\",\"target\":[\"https:\\\/\\\/www.pearlsonly.hu\\\/blog\\\/thomas-sabo-pearl-bracelet\\\/\"]}]},{\"@type\":\"ImageObject\",\"inLanguage\":\"en-US\",\"@id\":\"https:\\\/\\\/www.pearlsonly.hu\\\/blog\\\/thomas-sabo-pearl-bracelet\\\/#primaryimage\",\"url\":\"https:\\\/\\\/i0.wp.com\\\/www.pearlsonly.hu\\\/blog\\\/wp-content\\\/uploads\\\/2026\\\/02\\\/00.-pearlsonly-blog-137-feature-image-pearl-thomas-sabo-pearl-bracelet-Pearls-Jewelry-pearlsonly.png?fit=1024%2C1024&ssl=1\",\"contentUrl\":\"https:\\\/\\\/i0.wp.com\\\/www.pearlsonly.hu\\\/blog\\\/wp-content\\\/uploads\\\/2026\\\/02\\\/00.-pearlsonly-blog-137-feature-image-pearl-thomas-sabo-pearl-bracelet-Pearls-Jewelry-pearlsonly.png?fit=1024%2C1024&ssl=1\",\"width\":1024,\"height\":1024,\"caption\":\"00. pearlsonly-blog-137-feature-image-pearl - thomas sabo pearl bracelet - Pearls Jewelry - pearlsonly\"},{\"@type\":\"BreadcrumbList\",\"@id\":\"https:\\\/\\\/www.pearlsonly.hu\\\/blog\\\/thomas-sabo-pearl-bracelet\\\/#breadcrumb\",\"itemListElement\":[{\"@type\":\"ListItem\",\"position\":1,\"name\":\"Home\",\"item\":\"https:\\\/\\\/www.pearlsonly.com\\\/blog\\\/\"},{\"@type\":\"ListItem\",\"position\":2,\"name\":\"Thomas Sabo gy\u00f6ngy kark\u00f6t\u0151\"}]},{\"@type\":\"WebSite\",\"@id\":\"https:\\\/\\\/www.pearlsonly.com\\\/blog\\\/#website\",\"url\":\"https:\\\/\\\/www.pearlsonly.com\\\/blog\\\/\",\"name\":\"PearlsOnly Hungary\",\"description\":\"Pearl Information for the Educated Shopper\",\"potentialAction\":[{\"@type\":\"SearchAction\",\"target\":{\"@type\":\"EntryPoint\",\"urlTemplate\":\"https:\\\/\\\/www.pearlsonly.com\\\/blog\\\/?s={search_term_string}\"},\"query-input\":{\"@type\":\"PropertyValueSpecification\",\"valueRequired\":true,\"valueName\":\"search_term_string\"}}],\"inLanguage\":\"en-US\"},{\"@type\":\"Person\",\"@id\":\"https:\\\/\\\/www.pearlsonly.com\\\/blog\\\/#\\\/schema\\\/person\\\/f0e78910bca5e7392f4aa7a86674a415\",\"name\":\"PearlsOnly HU Team\",\"image\":{\"@type\":\"ImageObject\",\"inLanguage\":\"en-US\",\"@id\":\"https:\\\/\\\/secure.gravatar.com\\\/avatar\\\/aaa7a88545f7a83500e4ce2dfaffd6cc591c6116201b0b83641ee252cd6e67c8?s=96&d=identicon&r=g\",\"url\":\"https:\\\/\\\/secure.gravatar.com\\\/avatar\\\/aaa7a88545f7a83500e4ce2dfaffd6cc591c6116201b0b83641ee252cd6e67c8?s=96&d=identicon&r=g\",\"contentUrl\":\"https:\\\/\\\/secure.gravatar.com\\\/avatar\\\/aaa7a88545f7a83500e4ce2dfaffd6cc591c6116201b0b83641ee252cd6e67c8?s=96&d=identicon&r=g\",\"caption\":\"PearlsOnly HU Team\"},\"description\":\"Ms. Elitou is the fashion and beauty curator for Pearls Only providing trend reports and fashion predictions from all over the world.\",\"url\":\"https:\\\/\\\/www.pearlsonly.hu\\\/blog\\\/author\\\/poadmin\\\/\"}]}<\/script>\n<!-- \/ Yoast SEO Premium plugin. -->","yoast_head_json":{"title":"Thomas Sabo Pearl Bracelet - PearlsOnly","description":"Thomas Sabo pearl bracelet combines modern design with classic elegance. Discover styles, quality and shopping tips.","robots":{"index":"index","follow":"follow","max-snippet":"max-snippet:-1","max-image-preview":"max-image-preview:large","max-video-preview":"max-video-preview:-1"},"canonical":"https:\/\/www.pearlsonly.hu\/blog\/thomas-sabo-pearl-bracelet\/","og_locale":"en_US","og_type":"article","og_title":"Thomas Sabo Pearl Bracelet - PearlsOnly","og_description":"Thomas Sabo pearl bracelet combines modern design with classic elegance. Discover styles, quality and shopping tips.","og_url":"https:\/\/www.pearlsonly.hu\/blog\/thomas-sabo-pearl-bracelet\/","og_site_name":"PearlsOnly Hungary","article_publisher":"http:\/\/facebook.com\/pearlsonly","article_published_time":"2026-02-25T15:00:27+00:00","article_modified_time":"2026-02-26T12:56:56+00:00","og_image":[{"url":"https:\/\/www.pearlsonly.hu\/blog\/wp-content\/uploads\/2026\/02\/00.-pearlsonly-blog-137-feature-image-pearl-thomas-sabo-pearl-bracelet-Pearls-Jewelry-pearlsonly-300x300.png","type":"","width":"","height":""}],"author":"PearlsOnly HU Team","twitter_misc":{"Written by":"PearlsOnly HU Team","Est. reading time":"11 minutes"},"schema":{"@context":"https:\/\/schema.org","@graph":[{"@type":"Article","@id":"https:\/\/www.pearlsonly.hu\/blog\/thomas-sabo-pearl-bracelet\/#article","isPartOf":{"@id":"https:\/\/www.pearlsonly.hu\/blog\/thomas-sabo-pearl-bracelet\/"},"author":{"name":"PearlsOnly HU Team","@id":"https:\/\/www.pearlsonly.com\/blog\/#\/schema\/person\/f0e78910bca5e7392f4aa7a86674a415"},"headline":"Thomas Sabo gy\u00f6ngy kark\u00f6t\u0151","datePublished":"2026-02-25T15:00:27+00:00","dateModified":"2026-02-26T12:56:56+00:00","mainEntityOfPage":{"@id":"https:\/\/www.pearlsonly.hu\/blog\/thomas-sabo-pearl-bracelet\/"},"wordCount":3295,"image":{"@id":"https:\/\/www.pearlsonly.hu\/blog\/thomas-sabo-pearl-bracelet\/#primaryimage"},"thumbnailUrl":"https:\/\/i0.wp.com\/www.pearlsonly.hu\/blog\/wp-content\/uploads\/2026\/02\/00.-pearlsonly-blog-137-feature-image-pearl-thomas-sabo-pearl-bracelet-Pearls-Jewelry-pearlsonly.png?fit=1024%2C1024&ssl=1","keywords":["designer pearl bracelet","luxury pearl jewelry","Thomas Sabo jewelry","Thomas Sabo pearl bracelet"],"articleSection":["pearl bracelets"],"inLanguage":"en-US"},{"@type":"WebPage","@id":"https:\/\/www.pearlsonly.hu\/blog\/thomas-sabo-pearl-bracelet\/","url":"https:\/\/www.pearlsonly.hu\/blog\/thomas-sabo-pearl-bracelet\/","name":"Thomas Sabo Pearl Bracelet - PearlsOnly","isPartOf":{"@id":"https:\/\/www.pearlsonly.com\/blog\/#website"},"primaryImageOfPage":{"@id":"https:\/\/www.pearlsonly.hu\/blog\/thomas-sabo-pearl-bracelet\/#primaryimage"},"image":{"@id":"https:\/\/www.pearlsonly.hu\/blog\/thomas-sabo-pearl-bracelet\/#primaryimage"},"thumbnailUrl":"https:\/\/i0.wp.com\/www.pearlsonly.hu\/blog\/wp-content\/uploads\/2026\/02\/00.-pearlsonly-blog-137-feature-image-pearl-thomas-sabo-pearl-bracelet-Pearls-Jewelry-pearlsonly.png?fit=1024%2C1024&ssl=1","datePublished":"2026-02-25T15:00:27+00:00","dateModified":"2026-02-26T12:56:56+00:00","author":{"@id":"https:\/\/www.pearlsonly.com\/blog\/#\/schema\/person\/f0e78910bca5e7392f4aa7a86674a415"},"description":"Thomas Sabo pearl bracelet combines modern design with classic elegance. Discover styles, quality and shopping tips.","breadcrumb":{"@id":"https:\/\/www.pearlsonly.hu\/blog\/thomas-sabo-pearl-bracelet\/#breadcrumb"},"inLanguage":"en-US","potentialAction":[{"@type":"ReadAction","target":["https:\/\/www.pearlsonly.hu\/blog\/thomas-sabo-pearl-bracelet\/"]}]},{"@type":"ImageObject","inLanguage":"en-US","@id":"https:\/\/www.pearlsonly.hu\/blog\/thomas-sabo-pearl-bracelet\/#primaryimage","url":"https:\/\/i0.wp.com\/www.pearlsonly.hu\/blog\/wp-content\/uploads\/2026\/02\/00.-pearlsonly-blog-137-feature-image-pearl-thomas-sabo-pearl-bracelet-Pearls-Jewelry-pearlsonly.png?fit=1024%2C1024&ssl=1","contentUrl":"https:\/\/i0.wp.com\/www.pearlsonly.hu\/blog\/wp-content\/uploads\/2026\/02\/00.-pearlsonly-blog-137-feature-image-pearl-thomas-sabo-pearl-bracelet-Pearls-Jewelry-pearlsonly.png?fit=1024%2C1024&ssl=1","width":1024,"height":1024,"caption":"00. pearlsonly-blog-137-feature-image-pearl - thomas sabo pearl bracelet - Pearls Jewelry - pearlsonly"},{"@type":"BreadcrumbList","@id":"https:\/\/www.pearlsonly.hu\/blog\/thomas-sabo-pearl-bracelet\/#breadcrumb","itemListElement":[{"@type":"ListItem","position":1,"name":"Home","item":"https:\/\/www.pearlsonly.com\/blog\/"},{"@type":"ListItem","position":2,"name":"Thomas Sabo gy\u00f6ngy kark\u00f6t\u0151"}]},{"@type":"WebSite","@id":"https:\/\/www.pearlsonly.com\/blog\/#website","url":"https:\/\/www.pearlsonly.com\/blog\/","name":"PearlsOnly Hungary","description":"Pearl Information for the Educated Shopper","potentialAction":[{"@type":"SearchAction","target":{"@type":"EntryPoint","urlTemplate":"https:\/\/www.pearlsonly.com\/blog\/?s={search_term_string}"},"query-input":{"@type":"PropertyValueSpecification","valueRequired":true,"valueName":"search_term_string"}}],"inLanguage":"en-US"},{"@type":"Person","@id":"https:\/\/www.pearlsonly.com\/blog\/#\/schema\/person\/f0e78910bca5e7392f4aa7a86674a415","name":"PearlsOnly HU Team","image":{"@type":"ImageObject","inLanguage":"en-US","@id":"https:\/\/secure.gravatar.com\/avatar\/aaa7a88545f7a83500e4ce2dfaffd6cc591c6116201b0b83641ee252cd6e67c8?s=96&d=identicon&r=g","url":"https:\/\/secure.gravatar.com\/avatar\/aaa7a88545f7a83500e4ce2dfaffd6cc591c6116201b0b83641ee252cd6e67c8?s=96&d=identicon&r=g","contentUrl":"https:\/\/secure.gravatar.com\/avatar\/aaa7a88545f7a83500e4ce2dfaffd6cc591c6116201b0b83641ee252cd6e67c8?s=96&d=identicon&r=g","caption":"PearlsOnly HU Team"},"description":"Ms. Elitou is the fashion and beauty curator for Pearls Only providing trend reports and fashion predictions from all over the world.","url":"https:\/\/www.pearlsonly.hu\/blog\/author\/poadmin\/"}]}},"jetpack_publicize_connections":[],"jetpack_featured_media_url":"https:\/\/i0.wp.com\/www.pearlsonly.hu\/blog\/wp-content\/uploads\/2026\/02\/00.-pearlsonly-blog-137-feature-image-pearl-thomas-sabo-pearl-bracelet-Pearls-Jewelry-pearlsonly.png?fit=1024%2C1024&ssl=1","jetpack-related-posts":[],"jetpack_sharing_enabled":true,"_links":{"self":[{"href":"https:\/\/www.pearlsonly.hu\/blog\/wp-json\/wp\/v2\/posts\/13930","targetHints":{"allow":["GET"]}}],"collection":[{"href":"https:\/\/www.pearlsonly.hu\/blog\/wp-json\/wp\/v2\/posts"}],"about":[{"href":"https:\/\/www.pearlsonly.hu\/blog\/wp-json\/wp\/v2\/types\/post"}],"author":[{"embeddable":true,"href":"https:\/\/www.pearlsonly.hu\/blog\/wp-json\/wp\/v2\/users\/1"}],"replies":[{"embeddable":true,"href":"https:\/\/www.pearlsonly.hu\/blog\/wp-json\/wp\/v2\/comments?post=13930"}],"version-history":[{"count":4,"href":"https:\/\/www.pearlsonly.hu\/blog\/wp-json\/wp\/v2\/posts\/13930\/revisions"}],"predecessor-version":[{"id":13936,"href":"https:\/\/www.pearlsonly.hu\/blog\/wp-json\/wp\/v2\/posts\/13930\/revisions\/13936"}],"wp:featuredmedia":[{"embeddable":true,"href":"https:\/\/www.pearlsonly.hu\/blog\/wp-json\/wp\/v2\/media\/13933"}],"wp:attachment":[{"href":"https:\/\/www.pearlsonly.hu\/blog\/wp-json\/wp\/v2\/media?parent=13930"}],"wp:term":[{"taxonomy":"category","embeddable":true,"href":"https:\/\/www.pearlsonly.hu\/blog\/wp-json\/wp\/v2\/categories?post=13930"},{"taxonomy":"post_tag","embeddable":true,"href":"https:\/\/www.pearlsonly.hu\/blog\/wp-json\/wp\/v2\/tags?post=13930"}],"curies":[{"name":"wp","href":"https:\/\/api.w.org\/{rel}","templated":true}]}}