{"id":14129,"date":"2026-04-10T10:00:59","date_gmt":"2026-04-10T15:00:59","guid":{"rendered":"https:\/\/www.pearlsonly.hu\/blog\/?p=14129"},"modified":"2026-04-17T07:34:43","modified_gmt":"2026-04-17T13:34:43","slug":"layered-pearl-necklace-trend-2026-how-to-wear-it-right","status":"publish","type":"post","link":"https:\/\/www.pearlsonly.hu\/blog\/layered-pearl-necklace-trend-2026-how-to-wear-it-right\/","title":{"rendered":"A r\u00e9teges gy\u00f6ngy nyakl\u00e1nc trend 2026: Hogyan viseld helyesen"},"content":{"rendered":"<p>Ha mostan\u00e1ban b\u00f6ng\u00e9szted az Instagramot vagy a Pintereszt, m\u00e1r tudod, mi t\u00f6rt\u00e9nik. T\u00f6bb gy\u00f6ngysor. K\u00fcl\u00f6nb\u00f6z\u0151 hossz\u00fas\u00e1gok. Egy\u00fctt viselve, mintha pont oda tartozn\u00e1nak \u2014 mert val\u00f3ban oda tartoznak. A r\u00e9teges gy\u00f6ngy nyakl\u00e1nc trend teljesen \u00e1tvette a 2026-os st\u00edlust egy olyan m\u00f3don, ami egyszerre friss \u00e9s teljesen elker\u00fclhetetlen. Minden r\u00e9teg m\u00e9lys\u00e9get \u00e9s mozg\u00e1st ad. Az \u00f6sszhat\u00e1s gazdagabb, mint amit egyetlen nyakl\u00e1nc valaha is el\u00e9rhetne. \u00c9s ellent\u00e9tben a legt\u00f6bb trenddel, ami csak modelleken m\u0171k\u00f6dik fot\u00f3z\u00e1son, ez a trend val\u00f3ban \u00e1t\u00fcltethet\u0151 a mindennapi \u00e9letbe. Farmer \u00e9s p\u00f3l\u00f3. Bl\u00e9zer. Slip ruha egy esti programra. Teh\u00e1t ha k\u00edv\u00e1ncsi vagy, de nem vagy biztos benne, hogyan viseld val\u00f3ban, ez a vezet\u0151 neked sz\u00f3l.<\/p>\n<h2>Mi\u00e9rt domin\u00e1l most a r\u00e9teges gy\u00f6ngy nyakl\u00e1nc trend?<\/h2>\n<p>Az, ami ezt a trendet 2026-ban hajtja, sokkal t\u00f6bb, mint puszt\u00e1n eszt\u00e9tika. A \u00e9kszerekr\u0151l sz\u00f3l\u00f3 besz\u00e9lget\u00e9s az \u201esz\u00e1nd\u00e9kos r\u00e9tegez\u00e9s\u201d fel\u00e9 mozdult el \u2014 egy megjelen\u00e9s \u00e9p\u00edt\u00e9se kontraszton kereszt\u00fcl a t\u00f6k\u00e9letes \u00f6sszeill\u00e9s helyett. A gy\u00f6ngy\u00f6k t\u00f6k\u00e9letesen illeszkednek ehhez a v\u00e1lt\u00e1shoz. Organikus melegs\u00e9g\u00fck szinte b\u00e1rmilyen m\u00e1s anyaggal j\u00f3l m\u0171k\u00f6dik. Term\u00e9szetes v\u00e1ltozatoss\u00e1guk \u2014 kerek, barokk, s\u00f6t\u00e9t, arany \u2014 azt jelenti, hogy minden kombin\u00e1ci\u00f3 m\u00e1snak \u00e9s szem\u00e9lyesnek \u00e9rz\u0151dik. Teh\u00e1t a r\u00e9teges gy\u00f6ngy nyakl\u00e1nc trend nem csak arr\u00f3l sz\u00f3l, hogy t\u00f6bb \u00e9kszert viselj\u00fcnk. Arr\u00f3l sz\u00f3l, hogy az \u00e9kszerek \u00fagy \u00e9rezz\u00e9k, mintha a val\u00f3di \u00e9ned kifejez\u00e9sei lenn\u00e9nek, \u00e9s ne egy formula, amit csak k\u00f6vet\u00fcnk.<\/p>\n<p><img data-recalc-dims=\"1\" loading=\"lazy\" decoding=\"async\" class=\"aligncenter wp-image-10657\" src=\"https:\/\/i0.wp.com\/www.pearlsonly.hu\/blog\/wp-content\/uploads\/2026\/04\/01.-Why-the-Layered-Pearl-Necklace-Trend-Is-Dominating-Right-Now.png?resize=584%2C389&#038;ssl=1\" alt=\"01. Mi\u00e9rt domin\u00e1l most a r\u00e9teges gy\u00f6ngy nyakl\u00e1nc trend?\" width=\"584\" height=\"389\" \/><\/p>\n<p>R\u00e1ad\u00e1sul a modern \u00e9kszervisel\u0151k valami \u00e9p\u00edteni akarnak, nem csak feltenni valamit. A r\u00e9tegez\u00e9s megadja nekik ezt a kreat\u00edv kontrollt. A gy\u00f6ngy\u00f6k \u2014 a klasszikus Akoy\u00e1t\u00f3l a barokk \u00e9desv\u00edzi gy\u00f6ngy\u00f6k\u00f6n \u00e1t a dr\u00e1mai tahiti gy\u00f6ngy\u00f6kig \u2014 nagyobb r\u00e9tegez\u00e9si lehet\u0151s\u00e9get k\u00edn\u00e1lnak, mint szinte b\u00e1rmely m\u00e1s dr\u00e1gak\u0151 kateg\u00f3ria.<\/p>\n<h2>A hossz\u00fas\u00e1g minden: A gy\u00f6ngy r\u00e9tegez\u00e9s els\u0151 szab\u00e1lya<\/h2>\n<p>Miel\u0151tt b\u00e1rmi m\u00e1st csin\u00e1lsz \u2014 \u00e1ll\u00edtsd be helyesen a hossz\u00fas\u00e1gokat. Minden l\u00e1nc egy r\u00e9teges gy\u00f6ngy nyakl\u00e1nc kombin\u00e1ci\u00f3ban egy\u00e9rtelm\u0171en m\u00e1s hossz\u00fas\u00e1gon kell hogy \u00fclj\u00f6n. K\u00fcl\u00f6nben \u00f6sszecsom\u00f3sodnak, \u00e9s az eg\u00e9sz \u00fagy n\u00e9z ki, mint egy rendetlen kupac, nem pedig mint egy sz\u00e1nd\u00e9kos r\u00e9teges megjelen\u00e9s. Egy er\u0151s kiindul\u00f3pont egy 35\u201340 cm-es choker, egy 43\u201348 cm-es k\u00f6z\u00e9pmagas l\u00e1nc \u00e9s egy 50\u201360 cm-es hosszabb opera l\u00e1nc. Minden r\u00e9teg megkapja a saj\u00e1t z\u00f3n\u00e1j\u00e1t a nyakr\u00e9szen. Mindegyik tiszt\u00e1n l\u00e1that\u00f3. \u00c9s az \u00f6sszhat\u00e1s \u00e1tgondoltnak t\u0171nik, nem v\u00e9letlennek.<\/p>\n<p><img data-recalc-dims=\"1\" loading=\"lazy\" decoding=\"async\" class=\"aligncenter wp-image-10656\" src=\"https:\/\/i0.wp.com\/www.pearlsonly.hu\/blog\/wp-content\/uploads\/2026\/04\/02.-Length-Is-Everything-The-First-Rule-of-Pearl-Layering.png?resize=584%2C389&#038;ssl=1\" alt=\"02. A hossz\u00fas\u00e1g minden: A gy\u00f6ngy r\u00e9tegez\u00e9s els\u0151 szab\u00e1lya\" width=\"584\" height=\"389\" \/><\/p>\n<p>Most nem kell mind a h\u00e1rmat egyszerre kezdened. M\u00e9g csak k\u00e9t l\u00e1nc is egy\u00e9rtelm\u0171en elt\u00e9r\u0151 hossz\u00fas\u00e1gokkal \u2014 egy choker egy hosszabb pendant cseppel p\u00e1ros\u00edtva \u2014 m\u00e1r gy\u00f6ny\u00f6r\u0171en megragadja a r\u00e9teges gy\u00f6ngy nyakl\u00e1nc trendet. R\u00e1ad\u00e1sul el\u0151sz\u00f6r k\u00e9t r\u00e9teggel kezdeni a legegyszer\u0171bb m\u00f3dja annak, hogy megszokd a megjelen\u00e9st, miel\u0151tt hozz\u00e1adsz egy harmadikat. Teh\u00e1t kezeld ezt fejl\u0151d\u00e9sk\u00e9nt. Ne mint mindent-vagy-semmit elk\u00f6telez\u0151d\u00e9st.<\/p>\n<h2>Hogyan keverd a gy\u00f6ngy t\u00edpusokat r\u00e9tegez\u00e9skor<\/h2>\n<p>Itt v\u00e1lnak igaz\u00e1n izgalmasakk\u00e1 a dolgok. K\u00fcl\u00f6nb\u00f6z\u0151 gy\u00f6ngy t\u00edpusok kever\u00e9se egy r\u00e9teges kombin\u00e1ci\u00f3ban olyan vizu\u00e1lis text\u00far\u00e1t hoz l\u00e9tre, amit egyetlen gy\u00f6ngy t\u00edpus egyszer\u0171en nem \u00e9rhet el. Pr\u00f3b\u00e1ld p\u00e1ros\u00edtani egy <b><a href=\"https:\/\/www.pearlsonly.hu\/japanese-akoya-pearls\/\">jap\u00e1n Akoya gy\u00f6ngy l\u00e1ncot<\/a><\/b> \u2014 ropog\u00f3s, kerek, \u00e9les f\u00e9ny \u2014 egy hosszabb barokk \u00e9desv\u00edzi gy\u00f6ngy l\u00e1nccal organikus, szabad form\u00e1ban. A precizit\u00e1s \u00e9s az organikus szab\u00e1lytalans\u00e1g k\u00f6z\u00f6tti kontraszt val\u00f3ban gy\u00f6ny\u00f6r\u0171. \u00c9s mivel mindkett\u0151 gy\u00f6ngy, a kombin\u00e1ci\u00f3 egys\u00e9ges marad m\u00e9g a forma k\u00fcl\u00f6nbs\u00e9ge ellen\u00e9re is.<\/p>\n<p><img data-recalc-dims=\"1\" loading=\"lazy\" decoding=\"async\" class=\"aligncenter wp-image-10655\" src=\"https:\/\/i0.wp.com\/www.pearlsonly.hu\/blog\/wp-content\/uploads\/2026\/04\/03.-How-to-Mix-Pearl-Types-When-Layering.png?resize=584%2C389&#038;ssl=1\" alt=\"03. Hogyan keverd a gy\u00f6ngy t\u00edpusokat r\u00e9tegez\u00e9skor\" width=\"584\" height=\"389\" \/><\/p>\n<p>Valami mer\u00e9szebb\u00e9rt p\u00e1ros\u00edts egy feh\u00e9r gy\u00f6ngy l\u00e1ncot egy <b><a href=\"https:\/\/www.pearlsonly.hu\/tahitian-pearls\/\">tahiti gy\u00f6ngy l\u00e1nccal<\/a><\/b> \u2014 s\u00f6t\u00e9t p\u00e1vaz\u00f6ld a f\u00e9nyes feh\u00e9r ellen. Er\u0151s kontraszt. Brili\u00e1nsan f\u00e9nyk\u00e9pezhet\u0151. Most az egyetlen nem alku t\u00e1rgya szab\u00e1ly a gy\u00f6ngy t\u00edpusok kever\u00e9sekor? Egyeztess minden l\u00e1ncon a f\u00e9nyess\u00e9g fokozatot. Egy magas f\u00e9ny\u0171 Akoya egy tompa barokk mellett leh\u00fazza az eg\u00e9sz lookot ahelyett, hogy felemeln\u00e9. Teh\u00e1t mindig ellen\u0151rizd minden egyes darab fokozat\u00e1t, amit kombin\u00e1lsz. A PearlsOnly-n\u00e1l minden <b><a href=\"https:\/\/www.pearlsonly.hu\/pearl-necklace\/\">gy\u00f6ngy nyakl\u00e1nc<\/a><\/b> teljes oszt\u00e1lyoz\u00e1si adatokkal \u00e9rkezik \u2014 \u00edgy egy egys\u00e9ges r\u00e9teges kombin\u00e1ci\u00f3 \u00e9p\u00edt\u00e9se egyszer\u0171, nem pedig tal\u00e1lgat\u00e1s.<\/p>\n<h2>A r\u00e9teges gy\u00f6ngy nyakl\u00e1nc trend tal\u00e1lkozik a f\u00e9mmel<\/h2>\n<p>Jelenleg az egyik leger\u0151sebb mozdulat a r\u00e9teges gy\u00f6ngy nyakl\u00e1nc trenden bel\u00fcl a gy\u00f6ngy l\u00e1ncok kever\u00e9se f\u00e9m l\u00e1ncokkal. A \u201eSoft and Hard\u201d eszt\u00e9tika \u2014 a gy\u00f6ngy\u00f6k melegs\u00e9ge az arany vagy ez\u00fcst geometria ellen \u2014 mindenhol jelen van a divat szerkeszt\u0151s\u00e9gekben ebben a szezonban. Pr\u00f3b\u00e1ld teh\u00e1t egy klasszikus gy\u00f6ngy l\u00e1ncot egy vastag arany l\u00e1nc mellett elt\u00e9r\u0151 hossz\u00fas\u00e1gban. Vagy r\u00e9tegezz egy <b><a href=\"https:\/\/www.pearlsonly.hu\/pearl-pendant\/\">gy\u00f6ngy f\u00fcgg\u0151t<\/a><\/b> egy v\u00e9kony arany l\u00e1ncon egy hosszabb barokk l\u00e1nc alatt. A f\u00e9m hozza a sz\u00e9leket \u00e9s a strukt\u00far\u00e1t. A gy\u00f6ngy l\u00e1gy\u00edt \u00e9s meleg\u00edt. Egy\u00fctt pontosan azt az egyens\u00falyos fesz\u00fclts\u00e9get hozz\u00e1k l\u00e9tre, ami miatt egy r\u00e9teges kombin\u00e1ci\u00f3 sz\u00e1nd\u00e9kosnak t\u0171nik.<\/p>\n<p><img data-recalc-dims=\"1\" loading=\"lazy\" decoding=\"async\" class=\"aligncenter wp-image-10654\" src=\"https:\/\/i0.wp.com\/www.pearlsonly.hu\/blog\/wp-content\/uploads\/2026\/04\/04.-The-Layered-Pearl-Necklace-Trend-Meets-Metal.png?resize=584%2C389&#038;ssl=1\" alt=\"04. A r\u00e9teges gy\u00f6ngy nyakl\u00e1nc trend tal\u00e1lkozik a f\u00e9mmel\" width=\"584\" height=\"389\" \/><\/p>\n<p>R\u00e1ad\u00e1sul a f\u00e9mek \u00e9s gy\u00f6ngy\u00f6k kever\u00e9se megnyitja ezt a trendet azoknak a n\u0151knek is, akik m\u00e9g nem k\u00e9szek a teljes gy\u00f6ngy lookra. Egyetlen gy\u00f6ngy elem egy egy\u00e9bk\u00e9nt f\u00e9m l\u00e1ncokb\u00f3l \u00e1ll\u00f3 kombin\u00e1ci\u00f3ban m\u00e9g mindig elkapja az eszt\u00e9tik\u00e1t \u2014 an\u00e9lk\u00fcl, hogy t\u00f6bb gy\u00f6ngy l\u00e1ncra kellene k\u00f6telez\u0151dni egyszerre. Teh\u00e1t remek bel\u00e9p\u0151pont, ha csak most kezded.<\/p>\n<h2>Gy\u00f6ngy r\u00e9tegez\u00e9s outfit szerint: Mi m\u0171k\u00f6dik val\u00f3ban<\/h2>\n<p>Sz\u00f3val hogyan fordul le a r\u00e9teges gy\u00f6ngy nyakl\u00e1nc trend a val\u00f3di outfit-ekre? A laza mindennapi viselethez \u2014 feh\u00e9r p\u00f3l\u00f3, egyenes sz\u00e1r\u00fa farmer, b\u0151rkab\u00e1t \u2014 k\u00e9t vagy h\u00e1rom k\u00fcl\u00f6nb\u00f6z\u0151 hossz\u00fas\u00e1g\u00fa r\u00e9teg azonnal feldobja az eg\u00e9sz megjelen\u00e9st an\u00e9lk\u00fcl, hogy t\u00fal\u00f6lt\u00f6z\u00f6tt\u00e9 tenn\u00e9. A gy\u00f6ngy\u00f6k v\u00e9gzik a neh\u00e9z munk\u00e1t. Minden m\u00e1s marad laz\u00e1n. Az irodai viselethez maradj egy tiszt\u00e1bb k\u00e9t r\u00e9teg\u0171 kombin\u00e1ci\u00f3n\u00e1l \u2014 egy klasszikus <b><a href=\"https:\/\/www.pearlsonly.hu\/japanese-akoya-pearls\/\">Akoya l\u00e1nc<\/a><\/b> plusz egy finom gy\u00f6ngy f\u00fcgg\u0151 \u2014 pol\u00edrozott \u00e9s sz\u00e1nd\u00e9kos, t\u00falz\u00e1sok n\u00e9lk\u00fcl.<\/p>\n<p><img data-recalc-dims=\"1\" loading=\"lazy\" decoding=\"async\" class=\"aligncenter wp-image-10653\" src=\"https:\/\/i0.wp.com\/www.pearlsonly.hu\/blog\/wp-content\/uploads\/2026\/04\/05.-Layering-Pearls-by-Outfit-What-Actually-Works.png?resize=584%2C389&#038;ssl=1\" alt=\"05. Gy\u00f6ngy r\u00e9tegez\u00e9s outfit szerint: Mi m\u0171k\u00f6dik val\u00f3ban\" width=\"584\" height=\"389\" \/><\/p>\n<p>Esti \u00e9s k\u00fcl\u00f6nleges alkalmakra pedig engedj szabad utat. H\u00e1rom r\u00e9teg, vegyes gy\u00f6ngy t\u00edpusok, f\u00e9m l\u00e1nc a mixben. Hagyd, hogy a <b><a href=\"https:\/\/www.pearlsonly.hu\/south-sea-pearls\/\">South Sea gy\u00f6ngy l\u00e1nc<\/a><\/b> foglalja el a leghosszabb poz\u00edci\u00f3t \u00e9s vezesse a megjelen\u00e9st. \u00c9s menyasszonyi vagy form\u00e1lis viselethez egy vil\u00e1gosan elt\u00e9r\u0151 hossz\u00fas\u00e1g\u00fa <b><a href=\"https:\/\/www.pearlsonly.hu\/hanadama-pearls\/\">Hanadama Akoya<\/a><\/b> l\u00e1ncokb\u00f3l \u00e1ll\u00f3 r\u00e9teges kombin\u00e1ci\u00f3 ennek a trendnek a legfinomabb \u00e9rtelmez\u00e9se, amit viselhetsz. Most, b\u00e1rmilyen alkalomr\u00f3l legyen is sz\u00f3 \u2014 mindig az outfittel kezdj, \u00e9s a r\u00e9tegeket a nyakkiv\u00e1g\u00e1s k\u00f6r\u00fcl \u00e9p\u00edtsd fel. A magas nyakkiv\u00e1g\u00e1sok hosszabb r\u00e9tegeket ig\u00e9nyelnek. A nyitott nyakkiv\u00e1g\u00e1sok gy\u00f6ny\u00f6r\u0171en viselnek egy r\u00f6videbb choker kombin\u00e1ci\u00f3t.<\/p>\n<h2>\u00c9p\u00edtsd fel a saj\u00e1t r\u00e9teges gy\u00f6ngy lookodat a PearlsOnly-n\u00e1l<\/h2>\n<p>A legjobb a r\u00e9teges gy\u00f6ngy nyakl\u00e1nc trendben? Id\u0151vel \u00e9p\u00edtheted fel. Kezdj egy remek l\u00e1nccal. Adj hozz\u00e1 egy m\u00e1sodikat. Adj hozz\u00e1 egy f\u00fcgg\u0151t vagy m\u00e1sik gy\u00f6ngy t\u00edpust, amikor k\u00e9szen \u00e1llsz. Nem kell mindent egyszerre megvenned. Teh\u00e1t b\u00f6ng\u00e9szd v\u00e9gig a teljes <b><a href=\"https:\/\/www.pearlsonly.hu\/pearl-necklace\/\">gy\u00f6ngy nyakl\u00e1nc kollekci\u00f3nkat<\/a><\/b>, \u00e9s tal\u00e1ld meg az els\u0151 r\u00e9tegedet. Azt\u00e1n fedezd fel a <b><a href=\"https:\/\/www.pearlsonly.hu\/pearl-pendant\/\">gy\u00f6ngy f\u00fcgg\u0151ket<\/a><\/b>, a <b><a href=\"https:\/\/www.pearlsonly.hu\/freshwater-pearls\/\">barokk \u00e9desv\u00edzi gy\u00f6ngy l\u00e1ncokat<\/a><\/b> \u00e9s a <b><a href=\"https:\/\/www.pearlsonly.hu\/tahitian-pearls\/\">tahiti gy\u00f6ngy nyakl\u00e1ncokat<\/a><\/b>, hogy a saj\u00e1t m\u00f3dodon \u00e9p\u00edtsd fel a kombin\u00e1ci\u00f3dat. Minden darab teljes oszt\u00e1lyoz\u00e1si dokument\u00e1ci\u00f3val \u00e9s 90 napos visszav\u00e9teli garanci\u00e1val \u00e9rkezik. Teh\u00e1t k\u00eds\u00e9rletezz szabadon. Mert a r\u00e9teges gy\u00f6ngy nyakl\u00e1nc trend val\u00f3ban az egyik legjutalmaz\u00f3bb \u00e9kszeres l\u00e9p\u00e9s, amit most tehetsz \u2014 \u00e9s csak egyetlen remek l\u00e1nccal kezd\u0151dik.<\/p>\n","protected":false},"excerpt":{"rendered":"<p>The layered pearl necklace trend is defining 2026 style. Discover how to layer pearls by length, mix metals &amp; build looks that actually work. <a href=\"https:\/\/www.pearlsonly.hu\/blog\/layered-pearl-necklace-trend-2026-how-to-wear-it-right\/\">Continue reading <span class=\"meta-nav\">&rarr;<\/span><\/a><\/p>\n","protected":false},"author":1,"featured_media":14132,"comment_status":"closed","ping_status":"closed","sticky":false,"template":"","format":"standard","meta":{"_jetpack_memberships_contains_paid_content":false,"footnotes":"","jetpack_publicize_message":"","jetpack_publicize_feature_enabled":true,"jetpack_social_post_already_shared":true,"jetpack_social_options":{"image_generator_settings":{"template":"highway","default_image_id":0,"font":"","enabled":false},"version":2}},"categories":[5920],"tags":[6338,6028,6336,6337],"class_list":["post-14129","post","type-post","status-publish","format-standard","has-post-thumbnail","hentry","category-pearls-trends","tag-baroque-pearl-layering","tag-how-to-layer-pearl-necklaces","tag-layered-pearl-necklace-trend","tag-pearl-necklace-styling-2026"],"yoast_head":"<!-- This site is optimized with the Yoast SEO Premium plugin v21.4 (Yoast SEO v27.4) - https:\/\/yoast.com\/product\/yoast-seo-premium-wordpress\/ -->\n<title>Layered Pearl Necklace Trend 2026: How to Wear It Right<\/title>\n<meta name=\"description\" content=\"The layered pearl necklace trend is defining 2026 style. Discover how to layer pearls by length, mix metals &amp; build looks that actually work.\" \/>\n<meta name=\"robots\" content=\"index, follow, max-snippet:-1, max-image-preview:large, max-video-preview:-1\" \/>\n<link rel=\"canonical\" href=\"https:\/\/www.pearlsonly.hu\/blog\/layered-pearl-necklace-trend-2026-how-to-wear-it-right\/\" \/>\n<meta property=\"og:locale\" content=\"en_US\" \/>\n<meta property=\"og:type\" content=\"article\" \/>\n<meta property=\"og:title\" content=\"Layered Pearl Necklace Trend 2026: How to Wear It Right\" \/>\n<meta property=\"og:description\" content=\"The layered pearl necklace trend is defining 2026 style. Discover how to layer pearls by length, mix metals &amp; build looks that actually work.\" \/>\n<meta property=\"og:url\" content=\"https:\/\/www.pearlsonly.hu\/blog\/layered-pearl-necklace-trend-2026-how-to-wear-it-right\/\" \/>\n<meta property=\"og:site_name\" content=\"PearlsOnly Hungary\" \/>\n<meta property=\"article:publisher\" content=\"http:\/\/facebook.com\/pearlsonly\" \/>\n<meta property=\"article:published_time\" content=\"2026-04-10T15:00:59+00:00\" \/>\n<meta property=\"article:modified_time\" content=\"2026-04-17T13:34:43+00:00\" \/>\n<meta property=\"og:image\" content=\"https:\/\/www.pearlsonly.hu\/blog\/wp-content\/uploads\/2026\/04\/00.-pearlsonly-blog-158-feature-image-pearl-Layered-pearl-necklace-trend-Pearls-Jewelry-pearlsonly-300x300.png\" \/>\n<meta name=\"author\" content=\"PearlsOnly HU Team\" \/>\n<meta name=\"twitter:label1\" content=\"Written by\" \/>\n\t<meta name=\"twitter:data1\" content=\"PearlsOnly HU Team\" \/>\n\t<meta name=\"twitter:label2\" content=\"Est. reading time\" \/>\n\t<meta name=\"twitter:data2\" content=\"6 minutes\" \/>\n<script type=\"application\/ld+json\" class=\"yoast-schema-graph\">{\"@context\":\"https:\\\/\\\/schema.org\",\"@graph\":[{\"@type\":\"Article\",\"@id\":\"https:\\\/\\\/www.pearlsonly.hu\\\/blog\\\/layered-pearl-necklace-trend-2026-how-to-wear-it-right\\\/#article\",\"isPartOf\":{\"@id\":\"https:\\\/\\\/www.pearlsonly.hu\\\/blog\\\/layered-pearl-necklace-trend-2026-how-to-wear-it-right\\\/\"},\"author\":{\"name\":\"PearlsOnly HU Team\",\"@id\":\"https:\\\/\\\/www.pearlsonly.com\\\/blog\\\/#\\\/schema\\\/person\\\/f0e78910bca5e7392f4aa7a86674a415\"},\"headline\":\"A r\u00e9teges gy\u00f6ngy nyakl\u00e1nc trend 2026: Hogyan viseld helyesen\",\"datePublished\":\"2026-04-10T15:00:59+00:00\",\"dateModified\":\"2026-04-17T13:34:43+00:00\",\"mainEntityOfPage\":{\"@id\":\"https:\\\/\\\/www.pearlsonly.hu\\\/blog\\\/layered-pearl-necklace-trend-2026-how-to-wear-it-right\\\/\"},\"wordCount\":1555,\"image\":{\"@id\":\"https:\\\/\\\/www.pearlsonly.hu\\\/blog\\\/layered-pearl-necklace-trend-2026-how-to-wear-it-right\\\/#primaryimage\"},\"thumbnailUrl\":\"https:\\\/\\\/i0.wp.com\\\/www.pearlsonly.hu\\\/blog\\\/wp-content\\\/uploads\\\/2026\\\/04\\\/00.-pearlsonly-blog-158-feature-image-pearl-Layered-pearl-necklace-trend-Pearls-Jewelry-pearlsonly.png?fit=1024%2C1024&ssl=1\",\"keywords\":[\"baroque pearl layering\",\"how to layer pearl necklaces\",\"layered pearl necklace trend\",\"pearl necklace styling 2026\"],\"articleSection\":[\"Pearls Trends\"],\"inLanguage\":\"en-US\"},{\"@type\":\"WebPage\",\"@id\":\"https:\\\/\\\/www.pearlsonly.hu\\\/blog\\\/layered-pearl-necklace-trend-2026-how-to-wear-it-right\\\/\",\"url\":\"https:\\\/\\\/www.pearlsonly.hu\\\/blog\\\/layered-pearl-necklace-trend-2026-how-to-wear-it-right\\\/\",\"name\":\"Layered Pearl Necklace Trend 2026: How to Wear It Right\",\"isPartOf\":{\"@id\":\"https:\\\/\\\/www.pearlsonly.com\\\/blog\\\/#website\"},\"primaryImageOfPage\":{\"@id\":\"https:\\\/\\\/www.pearlsonly.hu\\\/blog\\\/layered-pearl-necklace-trend-2026-how-to-wear-it-right\\\/#primaryimage\"},\"image\":{\"@id\":\"https:\\\/\\\/www.pearlsonly.hu\\\/blog\\\/layered-pearl-necklace-trend-2026-how-to-wear-it-right\\\/#primaryimage\"},\"thumbnailUrl\":\"https:\\\/\\\/i0.wp.com\\\/www.pearlsonly.hu\\\/blog\\\/wp-content\\\/uploads\\\/2026\\\/04\\\/00.-pearlsonly-blog-158-feature-image-pearl-Layered-pearl-necklace-trend-Pearls-Jewelry-pearlsonly.png?fit=1024%2C1024&ssl=1\",\"datePublished\":\"2026-04-10T15:00:59+00:00\",\"dateModified\":\"2026-04-17T13:34:43+00:00\",\"author\":{\"@id\":\"https:\\\/\\\/www.pearlsonly.com\\\/blog\\\/#\\\/schema\\\/person\\\/f0e78910bca5e7392f4aa7a86674a415\"},\"description\":\"The layered pearl necklace trend is defining 2026 style. Discover how to layer pearls by length, mix metals & build looks that actually work.\",\"breadcrumb\":{\"@id\":\"https:\\\/\\\/www.pearlsonly.hu\\\/blog\\\/layered-pearl-necklace-trend-2026-how-to-wear-it-right\\\/#breadcrumb\"},\"inLanguage\":\"en-US\",\"potentialAction\":[{\"@type\":\"ReadAction\",\"target\":[\"https:\\\/\\\/www.pearlsonly.hu\\\/blog\\\/layered-pearl-necklace-trend-2026-how-to-wear-it-right\\\/\"]}]},{\"@type\":\"ImageObject\",\"inLanguage\":\"en-US\",\"@id\":\"https:\\\/\\\/www.pearlsonly.hu\\\/blog\\\/layered-pearl-necklace-trend-2026-how-to-wear-it-right\\\/#primaryimage\",\"url\":\"https:\\\/\\\/i0.wp.com\\\/www.pearlsonly.hu\\\/blog\\\/wp-content\\\/uploads\\\/2026\\\/04\\\/00.-pearlsonly-blog-158-feature-image-pearl-Layered-pearl-necklace-trend-Pearls-Jewelry-pearlsonly.png?fit=1024%2C1024&ssl=1\",\"contentUrl\":\"https:\\\/\\\/i0.wp.com\\\/www.pearlsonly.hu\\\/blog\\\/wp-content\\\/uploads\\\/2026\\\/04\\\/00.-pearlsonly-blog-158-feature-image-pearl-Layered-pearl-necklace-trend-Pearls-Jewelry-pearlsonly.png?fit=1024%2C1024&ssl=1\",\"width\":1024,\"height\":1024},{\"@type\":\"BreadcrumbList\",\"@id\":\"https:\\\/\\\/www.pearlsonly.hu\\\/blog\\\/layered-pearl-necklace-trend-2026-how-to-wear-it-right\\\/#breadcrumb\",\"itemListElement\":[{\"@type\":\"ListItem\",\"position\":1,\"name\":\"Home\",\"item\":\"https:\\\/\\\/www.pearlsonly.com\\\/blog\\\/\"},{\"@type\":\"ListItem\",\"position\":2,\"name\":\"A r\u00e9teges gy\u00f6ngy nyakl\u00e1nc trend 2026: Hogyan viseld helyesen\"}]},{\"@type\":\"WebSite\",\"@id\":\"https:\\\/\\\/www.pearlsonly.com\\\/blog\\\/#website\",\"url\":\"https:\\\/\\\/www.pearlsonly.com\\\/blog\\\/\",\"name\":\"PearlsOnly Hungary\",\"description\":\"Pearl Information for the Educated Shopper\",\"potentialAction\":[{\"@type\":\"SearchAction\",\"target\":{\"@type\":\"EntryPoint\",\"urlTemplate\":\"https:\\\/\\\/www.pearlsonly.com\\\/blog\\\/?s={search_term_string}\"},\"query-input\":{\"@type\":\"PropertyValueSpecification\",\"valueRequired\":true,\"valueName\":\"search_term_string\"}}],\"inLanguage\":\"en-US\"},{\"@type\":\"Person\",\"@id\":\"https:\\\/\\\/www.pearlsonly.com\\\/blog\\\/#\\\/schema\\\/person\\\/f0e78910bca5e7392f4aa7a86674a415\",\"name\":\"PearlsOnly HU Team\",\"image\":{\"@type\":\"ImageObject\",\"inLanguage\":\"en-US\",\"@id\":\"https:\\\/\\\/secure.gravatar.com\\\/avatar\\\/aaa7a88545f7a83500e4ce2dfaffd6cc591c6116201b0b83641ee252cd6e67c8?s=96&d=identicon&r=g\",\"url\":\"https:\\\/\\\/secure.gravatar.com\\\/avatar\\\/aaa7a88545f7a83500e4ce2dfaffd6cc591c6116201b0b83641ee252cd6e67c8?s=96&d=identicon&r=g\",\"contentUrl\":\"https:\\\/\\\/secure.gravatar.com\\\/avatar\\\/aaa7a88545f7a83500e4ce2dfaffd6cc591c6116201b0b83641ee252cd6e67c8?s=96&d=identicon&r=g\",\"caption\":\"PearlsOnly HU Team\"},\"description\":\"Ms. Elitou is the fashion and beauty curator for Pearls Only providing trend reports and fashion predictions from all over the world.\",\"url\":\"https:\\\/\\\/www.pearlsonly.hu\\\/blog\\\/author\\\/poadmin\\\/\"}]}<\/script>\n<!-- \/ Yoast SEO Premium plugin. -->","yoast_head_json":{"title":"Layered Pearl Necklace Trend 2026: How to Wear It Right","description":"The layered pearl necklace trend is defining 2026 style. Discover how to layer pearls by length, mix metals & build looks that actually work.","robots":{"index":"index","follow":"follow","max-snippet":"max-snippet:-1","max-image-preview":"max-image-preview:large","max-video-preview":"max-video-preview:-1"},"canonical":"https:\/\/www.pearlsonly.hu\/blog\/layered-pearl-necklace-trend-2026-how-to-wear-it-right\/","og_locale":"en_US","og_type":"article","og_title":"Layered Pearl Necklace Trend 2026: How to Wear It Right","og_description":"The layered pearl necklace trend is defining 2026 style. Discover how to layer pearls by length, mix metals & build looks that actually work.","og_url":"https:\/\/www.pearlsonly.hu\/blog\/layered-pearl-necklace-trend-2026-how-to-wear-it-right\/","og_site_name":"PearlsOnly Hungary","article_publisher":"http:\/\/facebook.com\/pearlsonly","article_published_time":"2026-04-10T15:00:59+00:00","article_modified_time":"2026-04-17T13:34:43+00:00","og_image":[{"url":"https:\/\/www.pearlsonly.hu\/blog\/wp-content\/uploads\/2026\/04\/00.-pearlsonly-blog-158-feature-image-pearl-Layered-pearl-necklace-trend-Pearls-Jewelry-pearlsonly-300x300.png","type":"","width":"","height":""}],"author":"PearlsOnly HU Team","twitter_misc":{"Written by":"PearlsOnly HU Team","Est. reading time":"6 minutes"},"schema":{"@context":"https:\/\/schema.org","@graph":[{"@type":"Article","@id":"https:\/\/www.pearlsonly.hu\/blog\/layered-pearl-necklace-trend-2026-how-to-wear-it-right\/#article","isPartOf":{"@id":"https:\/\/www.pearlsonly.hu\/blog\/layered-pearl-necklace-trend-2026-how-to-wear-it-right\/"},"author":{"name":"PearlsOnly HU Team","@id":"https:\/\/www.pearlsonly.com\/blog\/#\/schema\/person\/f0e78910bca5e7392f4aa7a86674a415"},"headline":"A r\u00e9teges gy\u00f6ngy nyakl\u00e1nc trend 2026: Hogyan viseld helyesen","datePublished":"2026-04-10T15:00:59+00:00","dateModified":"2026-04-17T13:34:43+00:00","mainEntityOfPage":{"@id":"https:\/\/www.pearlsonly.hu\/blog\/layered-pearl-necklace-trend-2026-how-to-wear-it-right\/"},"wordCount":1555,"image":{"@id":"https:\/\/www.pearlsonly.hu\/blog\/layered-pearl-necklace-trend-2026-how-to-wear-it-right\/#primaryimage"},"thumbnailUrl":"https:\/\/i0.wp.com\/www.pearlsonly.hu\/blog\/wp-content\/uploads\/2026\/04\/00.-pearlsonly-blog-158-feature-image-pearl-Layered-pearl-necklace-trend-Pearls-Jewelry-pearlsonly.png?fit=1024%2C1024&ssl=1","keywords":["baroque pearl layering","how to layer pearl necklaces","layered pearl necklace trend","pearl necklace styling 2026"],"articleSection":["Pearls Trends"],"inLanguage":"en-US"},{"@type":"WebPage","@id":"https:\/\/www.pearlsonly.hu\/blog\/layered-pearl-necklace-trend-2026-how-to-wear-it-right\/","url":"https:\/\/www.pearlsonly.hu\/blog\/layered-pearl-necklace-trend-2026-how-to-wear-it-right\/","name":"Layered Pearl Necklace Trend 2026: How to Wear It Right","isPartOf":{"@id":"https:\/\/www.pearlsonly.com\/blog\/#website"},"primaryImageOfPage":{"@id":"https:\/\/www.pearlsonly.hu\/blog\/layered-pearl-necklace-trend-2026-how-to-wear-it-right\/#primaryimage"},"image":{"@id":"https:\/\/www.pearlsonly.hu\/blog\/layered-pearl-necklace-trend-2026-how-to-wear-it-right\/#primaryimage"},"thumbnailUrl":"https:\/\/i0.wp.com\/www.pearlsonly.hu\/blog\/wp-content\/uploads\/2026\/04\/00.-pearlsonly-blog-158-feature-image-pearl-Layered-pearl-necklace-trend-Pearls-Jewelry-pearlsonly.png?fit=1024%2C1024&ssl=1","datePublished":"2026-04-10T15:00:59+00:00","dateModified":"2026-04-17T13:34:43+00:00","author":{"@id":"https:\/\/www.pearlsonly.com\/blog\/#\/schema\/person\/f0e78910bca5e7392f4aa7a86674a415"},"description":"The layered pearl necklace trend is defining 2026 style. Discover how to layer pearls by length, mix metals & build looks that actually work.","breadcrumb":{"@id":"https:\/\/www.pearlsonly.hu\/blog\/layered-pearl-necklace-trend-2026-how-to-wear-it-right\/#breadcrumb"},"inLanguage":"en-US","potentialAction":[{"@type":"ReadAction","target":["https:\/\/www.pearlsonly.hu\/blog\/layered-pearl-necklace-trend-2026-how-to-wear-it-right\/"]}]},{"@type":"ImageObject","inLanguage":"en-US","@id":"https:\/\/www.pearlsonly.hu\/blog\/layered-pearl-necklace-trend-2026-how-to-wear-it-right\/#primaryimage","url":"https:\/\/i0.wp.com\/www.pearlsonly.hu\/blog\/wp-content\/uploads\/2026\/04\/00.-pearlsonly-blog-158-feature-image-pearl-Layered-pearl-necklace-trend-Pearls-Jewelry-pearlsonly.png?fit=1024%2C1024&ssl=1","contentUrl":"https:\/\/i0.wp.com\/www.pearlsonly.hu\/blog\/wp-content\/uploads\/2026\/04\/00.-pearlsonly-blog-158-feature-image-pearl-Layered-pearl-necklace-trend-Pearls-Jewelry-pearlsonly.png?fit=1024%2C1024&ssl=1","width":1024,"height":1024},{"@type":"BreadcrumbList","@id":"https:\/\/www.pearlsonly.hu\/blog\/layered-pearl-necklace-trend-2026-how-to-wear-it-right\/#breadcrumb","itemListElement":[{"@type":"ListItem","position":1,"name":"Home","item":"https:\/\/www.pearlsonly.com\/blog\/"},{"@type":"ListItem","position":2,"name":"A r\u00e9teges gy\u00f6ngy nyakl\u00e1nc trend 2026: Hogyan viseld helyesen"}]},{"@type":"WebSite","@id":"https:\/\/www.pearlsonly.com\/blog\/#website","url":"https:\/\/www.pearlsonly.com\/blog\/","name":"PearlsOnly Hungary","description":"Pearl Information for the Educated Shopper","potentialAction":[{"@type":"SearchAction","target":{"@type":"EntryPoint","urlTemplate":"https:\/\/www.pearlsonly.com\/blog\/?s={search_term_string}"},"query-input":{"@type":"PropertyValueSpecification","valueRequired":true,"valueName":"search_term_string"}}],"inLanguage":"en-US"},{"@type":"Person","@id":"https:\/\/www.pearlsonly.com\/blog\/#\/schema\/person\/f0e78910bca5e7392f4aa7a86674a415","name":"PearlsOnly HU Team","image":{"@type":"ImageObject","inLanguage":"en-US","@id":"https:\/\/secure.gravatar.com\/avatar\/aaa7a88545f7a83500e4ce2dfaffd6cc591c6116201b0b83641ee252cd6e67c8?s=96&d=identicon&r=g","url":"https:\/\/secure.gravatar.com\/avatar\/aaa7a88545f7a83500e4ce2dfaffd6cc591c6116201b0b83641ee252cd6e67c8?s=96&d=identicon&r=g","contentUrl":"https:\/\/secure.gravatar.com\/avatar\/aaa7a88545f7a83500e4ce2dfaffd6cc591c6116201b0b83641ee252cd6e67c8?s=96&d=identicon&r=g","caption":"PearlsOnly HU Team"},"description":"Ms. Elitou is the fashion and beauty curator for Pearls Only providing trend reports and fashion predictions from all over the world.","url":"https:\/\/www.pearlsonly.hu\/blog\/author\/poadmin\/"}]}},"jetpack_publicize_connections":[],"jetpack_featured_media_url":"https:\/\/i0.wp.com\/www.pearlsonly.hu\/blog\/wp-content\/uploads\/2026\/04\/00.-pearlsonly-blog-158-feature-image-pearl-Layered-pearl-necklace-trend-Pearls-Jewelry-pearlsonly.png?fit=1024%2C1024&ssl=1","jetpack-related-posts":[],"jetpack_sharing_enabled":true,"_links":{"self":[{"href":"https:\/\/www.pearlsonly.hu\/blog\/wp-json\/wp\/v2\/posts\/14129","targetHints":{"allow":["GET"]}}],"collection":[{"href":"https:\/\/www.pearlsonly.hu\/blog\/wp-json\/wp\/v2\/posts"}],"about":[{"href":"https:\/\/www.pearlsonly.hu\/blog\/wp-json\/wp\/v2\/types\/post"}],"author":[{"embeddable":true,"href":"https:\/\/www.pearlsonly.hu\/blog\/wp-json\/wp\/v2\/users\/1"}],"replies":[{"embeddable":true,"href":"https:\/\/www.pearlsonly.hu\/blog\/wp-json\/wp\/v2\/comments?post=14129"}],"version-history":[{"count":4,"href":"https:\/\/www.pearlsonly.hu\/blog\/wp-json\/wp\/v2\/posts\/14129\/revisions"}],"predecessor-version":[{"id":14135,"href":"https:\/\/www.pearlsonly.hu\/blog\/wp-json\/wp\/v2\/posts\/14129\/revisions\/14135"}],"wp:featuredmedia":[{"embeddable":true,"href":"https:\/\/www.pearlsonly.hu\/blog\/wp-json\/wp\/v2\/media\/14132"}],"wp:attachment":[{"href":"https:\/\/www.pearlsonly.hu\/blog\/wp-json\/wp\/v2\/media?parent=14129"}],"wp:term":[{"taxonomy":"category","embeddable":true,"href":"https:\/\/www.pearlsonly.hu\/blog\/wp-json\/wp\/v2\/categories?post=14129"},{"taxonomy":"post_tag","embeddable":true,"href":"https:\/\/www.pearlsonly.hu\/blog\/wp-json\/wp\/v2\/tags?post=14129"}],"curies":[{"name":"wp","href":"https:\/\/api.w.org\/{rel}","templated":true}]}}