{"id":14590,"date":"2026-08-08T10:00:00","date_gmt":"2026-08-08T15:00:00","guid":{"rendered":"https:\/\/www.pearlsonly.hu\/blog\/?p=14590"},"modified":"2026-08-11T00:53:24","modified_gmt":"2026-08-11T06:53:24","slug":"freshwater-black-pearls-what-they-are-and-how-to-buy-well","status":"publish","type":"post","link":"https:\/\/www.pearlsonly.hu\/blog\/freshwater-black-pearls-what-they-are-and-how-to-buy-well\/","title":{"rendered":"\u00c9desv\u00edzi fekete gy\u00f6ngy\u00f6k: Mik ezek \u00e9s hogyan v\u00e1s\u00e1roljunk j\u00f3l"},"content":{"rendered":"<p>Egy v\u00e1s\u00e1rl\u00f3 egyszer \u00fczent nek\u00fcnk, hogy mi\u00e9rt nem hasonl\u00edt a m\u00e1shol v\u00e1s\u00e1rolt fekete gy\u00f6ngy nyakl\u00e1nc a bolunkban l\u00e1tott tahiti gy\u00f6ngy\u00f6kh\u00f6z. Ugyanaz a sz\u00edn a hirdet\u00e9sben. Nagyon m\u00e1s szem\u00e9lyesen. A v\u00e1lasz egyszer\u0171 volt \u2014 az egyik val\u00f3di tahiti volt, a m\u00e1sik pedig \u00e9desv\u00edzi fekete gy\u00f6ngy, amit kezeltek, hogy el\u00e9rje azt a s\u00f6t\u00e9t sz\u00ednt. Teh\u00e1t ha fekete gy\u00f6ngy \u00e9kszereket keresel, \u00e9s pontosan meg szeretn\u00e9d \u00e9rteni, mit v\u00e1s\u00e1rolsz, miel\u0151tt p\u00e9nzt k\u00f6lten\u00e9l \u2014 itt van az \u0151szinte \u00f6sszefoglal\u00f3.<\/p>\n<h2>Mik az \u00e9desv\u00edzi fekete gy\u00f6ngy\u00f6k<\/h2>\n<p>Az \u00e9desv\u00edzi fekete gy\u00f6ngy\u00f6k kultiv\u00e1lt \u00e9desv\u00edzi gy\u00f6ngy\u00f6k \u2014 kagyl\u00f3kban nevelve tavakban \u00e9s foly\u00f3kban, els\u0151sorban K\u00edn\u00e1ban \u2014, amelyeket a betakar\u00edt\u00e1s ut\u00e1n kezeltek, hogy s\u00f6t\u00e9t fekete sz\u00ednt kapjanak. Maga a gy\u00f6ngy val\u00f3di. A nacre val\u00f3di. De a fekete sz\u00edn fest\u00e9si vagy besug\u00e1rz\u00e1si folyamattal ker\u00fcl fel, nem pedig term\u00e9szetesen a puhatest\u0171 termeli. Teh\u00e1t az \u00e9desv\u00edzi fekete gy\u00f6ngy\u00f6k val\u00f3di gy\u00f6ngy\u00f6k fokozott sz\u00ednnel \u2014 nem hamis gy\u00f6ngy\u00f6k, nem ut\u00e1nzatok, de nem is term\u00e9szetesen s\u00f6t\u00e9t gy\u00f6ngy\u00f6k.<\/p>\n<p><img loading=\"lazy\" decoding=\"async\" class=\"aligncenter wp-image-11076\" src=\"https:\/\/www.pearlsonly.hu\/blog\/wp-content\/uploads\/2026\/08\/01.-What-Are-Freshwater-Black-Pearls.png\" alt=\"01. Mik az \u00e9desv\u00edzi fekete gy\u00f6ngy\u00f6k\" width=\"711\" height=\"400\" \/><\/p>\n<p>Ez a k\u00fcl\u00f6nbs\u00e9g hatalmas jelent\u0151s\u00e9g\u0171 a v\u00e1s\u00e1rl\u00e1skor. Mert a val\u00f3di, term\u00e9szetesen s\u00f6t\u00e9t fekete gy\u00f6ngy\u00f6k \u2014 a tahiti v\u00e1ltozat \u2014 a Pinctada margaritifera osztrig\u00e1b\u00f3l sz\u00e1rmaznak Francia Polin\u00e9zi\u00e1ban, \u00e9s ezt a sz\u00ednt teljesen term\u00e9szetesen hordozz\u00e1k. Nincs kezel\u00e9s. Nincs fest\u00e9k. A sz\u00edn mag\u00e1b\u00f3l az osztrig\u00e1b\u00f3l j\u00f6n. \u00c9s ez alapvet\u0151en m\u00e1s term\u00e9k, mint a fekete \u00e9desv\u00edzi kultiv\u00e1lt gy\u00f6ngy\u00f6k, ahol a s\u00f6t\u00e9t sz\u00ednt ut\u00f3lag adt\u00e1k hozz\u00e1. Mindkett\u0151 gy\u00f6ny\u00f6r\u0171 lehet. De nem felcser\u00e9lhet\u0151k \u2014 \u00e9s az \u00e1r, a min\u0151s\u00e9gi jellemz\u0151k \u00e9s a hossz\u00fa t\u00e1v\u00fa tart\u00f3ss\u00e1g jelent\u0151sen k\u00fcl\u00f6nb\u00f6zik a kett\u0151 k\u00f6z\u00f6tt.<\/p>\n<h2>Fekete \u00e9desv\u00edzi gy\u00f6ngy\u00f6k vs tahiti gy\u00f6ngy\u00f6k<\/h2>\n<p>Ez az a \u00f6sszehasonl\u00edt\u00e1s, amit a legt\u00f6bb v\u00e1s\u00e1rl\u00f3nak el kell v\u00e9geznie, miel\u0151tt p\u00e9nzt k\u00f6ltene fekete gy\u00f6ngy \u00e9kszerekre. \u00c9s az \u0151szinte v\u00e1lasz az, hogy a tahiti gy\u00f6ngy\u00f6k \u00e9s a fekete \u00e9desv\u00edzi gy\u00f6ngy\u00f6k t\u00f6bb fontos szempontb\u00f3l val\u00f3ban k\u00fcl\u00f6nb\u00f6znek \u2014 nem csak az eredetben.<\/p>\n<p>A sz\u00edn a legnyilv\u00e1nval\u00f3bb k\u00fcl\u00f6nbs\u00e9g. A tahiti gy\u00f6ngy\u00f6knek term\u00e9szetesen s\u00f6t\u00e9t testsz\u00edne van rendk\u00edv\u00fcli felhangokkal \u2014 p\u00e1va z\u00f6ld-arany, padlizs\u00e1n, cseresznye, ez\u00fcst-z\u00f6ld \u2014, amelyek a f\u00e9nnyel v\u00e1ltakoznak olyan m\u00f3don, amit val\u00f3ban neh\u00e9z le\u00edrni, am\u00edg nem l\u00e1ttad \u0151ket. Ez a sziv\u00e1rv\u00e1nyos \u00f6sszetetts\u00e9g mag\u00e1b\u00f3l a nacre szerkezet\u00e9b\u0151l j\u00f6n. A fekete \u00e9desv\u00edzi gy\u00f6ngy\u00f6knek viszont festett vagy besug\u00e1rzott sz\u00edne van, ami ink\u00e1bb egys\u00e9gesnek \u00e9s laposnak t\u0171nik. A fekete s\u00f6t\u00e9t \u00e9s k\u00f6vetkezetes \u2014 de hi\u00e1nyzik bel\u0151le a val\u00f3di tahiti nacre m\u00e9lys\u00e9ge \u00e9s felhang-\u00f6sszetetts\u00e9ge. Teh\u00e1t egym\u00e1s mellett a k\u00fcl\u00f6nbs\u00e9g l\u00e1that\u00f3. K\u00fcl\u00f6n\u00f6sen term\u00e9szetes f\u00e9nyben.<\/p>\n<p><img loading=\"lazy\" decoding=\"async\" class=\"aligncenter wp-image-11075\" src=\"https:\/\/www.pearlsonly.hu\/blog\/wp-content\/uploads\/2026\/08\/02.-Black-Freshwater-Pearls-vs-Tahitian-Pearls.png\" alt=\"02. Fekete \u00e9desv\u00edzi gy\u00f6ngy\u00f6k vs tahiti gy\u00f6ngy\u00f6k\" width=\"711\" height=\"400\" \/><\/p>\n<p>A m\u00e9ret egy m\u00e1sik jelent\u0151s k\u00fcl\u00f6nbs\u00e9g. A tahiti gy\u00f6ngy\u00f6k jellemz\u0151en 8 mm \u00e9s 16 mm k\u00f6z\u00f6tt vannak. A fekete \u00e9desv\u00edzi gy\u00f6ngy\u00f6k \u00e1ltal\u00e1ban kisebbek \u2014 6 mm \u00e9s 10 mm a legt\u00f6bb kereskedelmi termel\u00e9sben. \u00c9s a f\u00e9ny, b\u00e1r er\u0151s a top min\u0151s\u00e9g\u0171 fekete \u00e9desv\u00edzi kultiv\u00e1lt gy\u00f6ngy\u00f6kn\u00e9l, \u00e1ltal\u00e1ban kev\u00e9sb\u00e9 dimenzion\u00e1lis, mint a tahiti s\u00f3s v\u00edz f\u00e9nye, mert az \u00e9desv\u00edzi gy\u00f6ngy\u00f6k nacre szerkezete k\u00fcl\u00f6nb\u00f6zik a s\u00f3s v\u00edz v\u00e1ltozatokt\u00f3l. Semmi sem teszi a fekete \u00e9desv\u00edzi gy\u00f6ngy\u00f6ket rossz v\u00e1laszt\u00e1ss\u00e1 \u2014 de m\u00e1s v\u00e1laszt\u00e1ss\u00e1 teszi \u0151ket. \u00c9s tudni, melyiket v\u00e1s\u00e1rolod val\u00f3j\u00e1ban, az eg\u00e9sz l\u00e9nyeg.<\/p>\n<h2>\u00c9rdemes-e festett fekete gy\u00f6ngy\u00f6ket v\u00e1s\u00e1rolni<\/h2>\n<p>Igen \u2014 a megfelel\u0151 elv\u00e1r\u00e1sokkal. A festett fekete \u00e9desv\u00edzi gy\u00f6ngy\u00f6k val\u00f3di kultiv\u00e1lt gy\u00f6ngy\u00f6k val\u00f3di nacr\u00e9val. A top min\u0151s\u00e9gekn\u00e9l er\u0151s f\u00e9ny\u00fck, j\u00f3 fel\u00fcleti min\u0151s\u00e9g\u00fck \u00e9s val\u00f3di sz\u00e9ps\u00e9g\u00fck van. \u00c9s jelent\u0151sen el\u00e9rhet\u0151bbek \u00e1rban, mint a hasonl\u00f3 tahiti gy\u00f6ngy\u00f6k. Teh\u00e1t azoknak a v\u00e1s\u00e1rl\u00f3knak, akik a fekete gy\u00f6ngy \u00e9kszerek s\u00f6t\u00e9t eszt\u00e9tik\u00e1j\u00e1t szeretn\u00e9k a tahiti \u00e1r n\u00e9lk\u00fcl \u2014 a fekete \u00e9desv\u00edzi kultiv\u00e1lt gy\u00f6ngy\u00f6k legitim \u00e9s val\u00f3ban vonz\u00f3 lehet\u0151s\u00e9g.<\/p>\n<p>A kulcsfontoss\u00e1g\u00fa szempont a tart\u00f3ss\u00e1g. A festett sz\u00edn a fekete \u00e9desv\u00edzi gy\u00f6ngy\u00f6kn\u00e9l id\u0151vel kifakulhat \u2014 k\u00fcl\u00f6n\u00f6sen a vegyszereknek, h\u0151nek vagy durva kezel\u00e9snek val\u00f3 rendszeres kitetts\u00e9g eset\u00e9n. Teh\u00e1t az \u00e1pol\u00e1si k\u00f6vetelm\u00e9nyek valamivel szigor\u00fabbak, mint a term\u00e9szetesen sz\u00ednezett gy\u00f6ngy\u00f6kn\u00e9l. Ker\u00fcld a parf\u00fcm\u00f6t, hajlakkot \u00e9s er\u0151s vegyszereket a gy\u00f6ngy\u00f6k k\u00f6zel\u00e9ben. T\u00e1rold k\u00fcl\u00f6n. T\u00f6r\u00f6ld le visel\u00e9s ut\u00e1n. K\u00f6vetkezetesen elv\u00e9gezve ez az alapvet\u0151 \u00e1pol\u00e1s jelent\u0151sen meghosszabb\u00edtja a sz\u00edn \u00e9lettartam\u00e1t. \u00c9s azon az \u00e1rszinten, amelyet a fekete \u00e9desv\u00edzi gy\u00f6ngy\u00f6k elfoglalnak, az \u00e9rt\u00e9kaj\u00e1nlat \u2014 val\u00f3di gy\u00f6ngy min\u0151s\u00e9g, felt\u0171n\u0151 s\u00f6t\u00e9t eszt\u00e9tika, el\u00e9rhet\u0151 \u00e1r \u2014 val\u00f3ban er\u0151s.<\/p>\n<h2>Mire figyelj egy fekete gy\u00f6ngy nyakl\u00e1ncn\u00e1l<\/h2>\n<p>A fekete \u00e9desv\u00edzi gy\u00f6ngy nyakl\u00e1nc val\u00f3sz\u00edn\u0171leg a legn\u00e9pszer\u0171bb forma ebben a kateg\u00f3ri\u00e1ban \u2014 \u00e9s j\u00f3 okkal. Egy teljes sz\u00e1l s\u00f6t\u00e9t gy\u00f6ngy dr\u00e1mai, sokoldal\u00fa \u00e9s a megfelel\u0151 min\u0151s\u00e9gi szinten val\u00f3ban felt\u0171n\u0151. De a min\u0151s\u00e9g hatalmas m\u00e9rt\u00e9kben v\u00e1ltozik a fekete \u00e9desv\u00edzi gy\u00f6ngy nyakl\u00e1ncok kateg\u00f3ri\u00e1j\u00e1n bel\u00fcl. Teh\u00e1t tudni, mit kell \u00e9rt\u00e9kelni a v\u00e1s\u00e1rl\u00e1s el\u0151tt, itt fontosabb, mint a legt\u00f6bb gy\u00f6ngy kateg\u00f3ri\u00e1ban.<\/p>\n<p><img loading=\"lazy\" decoding=\"async\" class=\"aligncenter wp-image-11074\" src=\"https:\/\/www.pearlsonly.hu\/blog\/wp-content\/uploads\/2026\/08\/03.-What-to-Look-For-in-a-Black-Pearl-Necklace.png\" alt=\"03. Mire figyelj egy fekete gy\u00f6ngy nyakl\u00e1ncn\u00e1l\" width=\"711\" height=\"400\" \/><\/p>\n<p>El\u0151sz\u00f6r a f\u00e9ny. Mindig. M\u00e9g a festett gy\u00f6ngy\u00f6kn\u00e9l is er\u0151snek kell lennie az alatta l\u00e9v\u0151 nacre f\u00e9nynek \u2014 melegnek, dimenzion\u00e1lisnak \u00e9s term\u00e9szetes f\u00e9nyben egy\u00e9rtelm\u0171en l\u00e1that\u00f3nak. Egy matt vagy lapos fel\u00fclet egy fekete \u00e9desv\u00edzi gy\u00f6ngy nyakl\u00e1ncn\u00e1l v\u00e9kony nacr\u00e9ra vagy gyenge alap gy\u00f6ngy min\u0151s\u00e9gre utal a fest\u00e9s el\u0151tt. A fest\u00e9k nem tud olyan f\u00e9nyt adni, ami nem volt ott. A fel\u00fclet min\u0151s\u00e9ge k\u00f6vetkezik \u2014 keress AAA vagy AA fokozatot minim\u00e1lis fel\u00fcleti hib\u00e1kkal. \u00c9s ellen\u0151rizd a sz\u00edn k\u00f6vetkezetess\u00e9g\u00e9t a sz\u00e1lon. Egy min\u0151s\u00e9gi fekete \u00e9desv\u00edzi gy\u00f6ngy nyakl\u00e1ncn\u00e1l a sz\u00ednnek egys\u00e9gesnek kell lennie \u2014 nincs foltoss\u00e1g, nincs nyilv\u00e1nval\u00f3 elt\u00e9r\u00e9s a gy\u00f6ngy\u00f6k k\u00f6z\u00f6tt, amelyeknek p\u00e1rosnak kellene l\u00e1tszaniuk. A sz\u00edn k\u00f6vetkezetlens\u00e9ge a sz\u00e1lon egyenl\u0151tlen fest\u00e9sre vagy alacsonyabb min\u0151s\u00e9g\u0171 alap gy\u00f6ngy\u00f6kre utal. B\u00f6ng\u00e9szd a teljes <b><a href=\"https:\/\/www.pearlsonly.hu\/black-pearls\/\">fekete gy\u00f6ngy kollekci\u00f3t<\/a><\/b> a PearlsOnly-n\u00e1l, hogy \u00f6sszehasonl\u00edtsd a lehet\u0151s\u00e9geket mind a fekete \u00e9desv\u00edzi, mind a val\u00f3di tahiti v\u00e1ltozatok k\u00f6z\u00f6tt.<\/p>\n<h2>\u00c9rdemes felfedezni val\u00f3 \u00e9kszerst\u00edlusok<\/h2>\n<p>A fekete \u00e9desv\u00edzi gy\u00f6ngy \u00e9kszerek gy\u00f6ny\u00f6r\u0171en m\u0171k\u00f6dnek t\u00f6bb \u00e9kszerkateg\u00f3ri\u00e1ban \u2014 nem csak nyakl\u00e1ncokn\u00e1l. \u00c9s a s\u00f6t\u00e9t sz\u00edn specifikus styling lehet\u0151s\u00e9geket teremt, amelyeket a feh\u00e9r vagy r\u00f3zsasz\u00edn \u00e9desv\u00edzi gy\u00f6ngy\u00f6k nem.<\/p>\n<p><img loading=\"lazy\" decoding=\"async\" class=\"aligncenter wp-image-11073\" src=\"https:\/\/www.pearlsonly.hu\/blog\/wp-content\/uploads\/2026\/08\/04.-Jewelry-Styles-Worth-Exploring.png\" alt=\"04. \u00c9rdemes felfedezni val\u00f3 \u00e9kszerst\u00edlusok\" width=\"711\" height=\"400\" \/><\/p>\n<p>A fekete \u00e9desv\u00edzi gy\u00f6ngy f\u00fclbeval\u00f3k \u2014 stiftek vagy csepp form\u00e1j\u00faak \u2014 k\u00fcl\u00f6n\u00f6sen hat\u00e9konyak. A s\u00f6t\u00e9t sz\u00edn tiszta, kifinomult megjelen\u00e9st hoz l\u00e9tre, amely modernebbnek hat, mint a klasszikus feh\u00e9r gy\u00f6ngy f\u00fclbeval\u00f3k. Egy p\u00e1r 8 mm-es fekete \u00e9desv\u00edzi gy\u00f6ngy stift er\u0151s f\u00e9nnyel val\u00f3ban az egyik legt\u00f6bboldal\u00fabb mindennapi f\u00fclbeval\u00f3, amely el\u00e9rhet\u0151 \u00e1ron kaphat\u00f3. A kark\u00f6t\u0151k is j\u00f3l m\u0171k\u00f6dnek \u2014 egyetlen sz\u00e1l fekete \u00e9desv\u00edzi kultiv\u00e1lt gy\u00f6ngy a csukl\u00f3n olyan sz\u00ednkontrasztot teremt a b\u0151rrel szemben, amit a vil\u00e1gosabb gy\u00f6ngysz\u00ednek nem. \u00c9s a fekete \u00e9desv\u00edzi gy\u00f6ngy szettek \u2014 nyakl\u00e1nc, f\u00fclbeval\u00f3 \u00e9s kark\u00f6t\u0151 \u00f6sszehangolva \u2014 a s\u00f6t\u00e9t eszt\u00e9tika teljes dr\u00e1mai hat\u00e1s\u00e1t k\u00edn\u00e1lj\u00e1k egy komplett megjelen\u00e9sben, amely val\u00f3ban \u00e1tgondoltnak hat.<\/p>\n<h2>Hogyan stiliz\u00e1ld a fekete gy\u00f6ngy \u00e9kszereket<\/h2>\n<p>A fekete \u00e9desv\u00edzi gy\u00f6ngy \u00e9kszerek st\u00edlus szab\u00e1lyai hasonl\u00f3ak a tahiti gy\u00f6ngy\u00f6k\u00e9hez \u2014 a s\u00f6t\u00e9t sz\u00edn v\u00e9gzi a munk\u00e1t, teh\u00e1t mindent k\u00f6r\u00fcl\u00f6tte egyszer\u0171en kell tartani. De van egy kulcsfontoss\u00e1g\u00fa k\u00fcl\u00f6nbs\u00e9g a regiszterben. A tahiti gy\u00f6ngy\u00f6k jelent\u0151s luxus s\u00falyt hordoznak \u2014 term\u00e9szetesen a form\u00e1lis ir\u00e1nyba h\u00fazz\u00e1k a megjelen\u00e9st. A fekete \u00e9desv\u00edzi gy\u00f6ngy \u00e9kszerek kiss\u00e9 k\u00f6tetlenebbek. Ami val\u00f3j\u00e1ban el\u0151ny a mindennapi visel\u00e9shez. Egy fekete \u00e9desv\u00edzi gy\u00f6ngy nyakl\u00e1nc feh\u00e9r v\u00e1szoninggel \u00e9s minim\u00e1lis egy\u00e9b \u00e9kszerrel k\u00f6nnyed\u00e9n modern. Ugyanez a darab fekete ruha f\u00f6l\u00f6tt egy esti alkalomra kifinomultnak hat an\u00e9lk\u00fcl, hogy t\u00fal\u00f6lt\u00f6z\u00f6tt lenne.<\/p>\n<p><img loading=\"lazy\" decoding=\"async\" class=\"aligncenter wp-image-11072\" src=\"https:\/\/www.pearlsonly.hu\/blog\/wp-content\/uploads\/2026\/08\/05.-How-to-Style-Black-Pearl-Jewelry.png\" alt=\"05. Hogyan stiliz\u00e1ld a fekete gy\u00f6ngy \u00e9kszereket\" width=\"711\" height=\"400\" \/><\/p>\n<p>A r\u00e9tegez\u00e9shez \u2014 egy 45 cm-es fekete \u00e9desv\u00edzi gy\u00f6ngysz\u00e1l p\u00e1ros\u00edtva egy r\u00f6videbb, finom ez\u00fcst l\u00e1nccal 40 cm-en tiszta k\u00e9t r\u00e9teg\u0171 megjelen\u00e9st hoz l\u00e9tre, ahol a s\u00f6t\u00e9t gy\u00f6ngy vezet, a f\u00e9m pedig kontrasztot ad. Minden m\u00e1st tarts minim\u00e1lisra. A s\u00f6t\u00e9t sz\u00edn \u00f6nmag\u00e1ban is elegend\u0151 figyelmet vonz. \u00c9s a kever\u00e9shez \u2014 egy <b><a href=\"https:\/\/www.pearlsonly.hu\/freshwater-pearls\/\">\u00e9desv\u00edzi gy\u00f6ngy<\/a><\/b> fekete kark\u00f6t\u0151 p\u00e1ros\u00edt\u00e1sa feh\u00e9r gy\u00f6ngy nyakl\u00e1nccal olyan kontrasztvez\u00e9relt megjelen\u00e9st hoz l\u00e9tre, amely 2026-ban a gy\u00f6ngy \u00e9kszerst\u00edlusban val\u00f3ban aktu\u00e1lis. Organikus s\u00f6t\u00e9t kontra organikus feh\u00e9r. Nincs sz\u00fcks\u00e9g m\u00e1s sz\u00ednekre.<\/p>\n<h2>Fekete \u00e9desv\u00edzi kultiv\u00e1lt gy\u00f6ngy\u00f6k v\u00e1s\u00e1rl\u00e1sa \u2014 Kulcsk\u00e9rd\u00e9sek, amiket fel kell tenni<\/h2>\n<p>Miel\u0151tt b\u00e1rmilyen fekete \u00e9desv\u00edzi gy\u00f6ngy \u00e9kszert v\u00e1s\u00e1roln\u00e1l, \u00e9rdemes n\u00e9h\u00e1ny k\u00e9rd\u00e9st kifejezetten feltenni, ahelyett hogy felt\u00e9telezn\u00e9d. El\u0151sz\u00f6r \u2014 a sz\u00edn term\u00e9szetes vagy kezelt? Minden megb\u00edzhat\u00f3 elad\u00f3 ezt egy\u00e9rtelm\u0171en megv\u00e1laszolja. A term\u00e9szetes fekete sz\u00edn az \u00e9desv\u00edzi gy\u00f6ngy\u00f6kn\u00e9l gyakorlatilag nem l\u00e9tezik \u2014 ha egy elad\u00f3 azt \u00e1ll\u00edtja, hogy a fekete \u00e9desv\u00edzi gy\u00f6ngyei term\u00e9szetesen sz\u00ednezettek, az egy piros z\u00e1szl\u00f3, amit \u00e9rdemes kivizsg\u00e1lni. A sz\u00edn szinte mindig fest\u00e9sb\u0151l vagy besug\u00e1rz\u00e1sb\u00f3l sz\u00e1rmazik.<\/p>\n<p><img loading=\"lazy\" decoding=\"async\" class=\"aligncenter wp-image-11071\" src=\"https:\/\/www.pearlsonly.hu\/blog\/wp-content\/uploads\/2026\/08\/06.-Buying-Black-Freshwater-Cultured-Pearls-\u2014-Key-Questions-to-Ask.png\" alt=\"06. Fekete \u00e9desv\u00edzi kultiv\u00e1lt gy\u00f6ngy\u00f6k v\u00e1s\u00e1rl\u00e1sa \u2014 Kulcsk\u00e9rd\u00e9sek, amiket fel kell tenni\" width=\"711\" height=\"400\" \/><\/p>\n<p>M\u00e1sodszor \u2014 milyen az alap gy\u00f6ngy min\u0151s\u00e9ge a kezel\u00e9s el\u0151tt? A fest\u00e9si folyamat nem jav\u00edtja az alatta l\u00e9v\u0151 gy\u00f6ngy\u00f6t. Teh\u00e1t a f\u00e9ny, a fel\u00fclet min\u0151s\u00e9ge \u00e9s a nacre vastags\u00e1ga az alap gy\u00f6ngyben hat\u00e1rozza meg a k\u00e9sz darab min\u0151s\u00e9g\u00e9t. Harmadszor \u2014 milyen a fel\u00fcleti fokozat? Az AAA k\u00f6zel hib\u00e1tlan minden gy\u00f6ngyn\u00e9l. Az AA kisebb jeleket mutat, de visel\u00e9sben gy\u00f6ny\u00f6r\u0171en hat. \u00c9s negyedszer \u2014 mi a visszak\u00fcld\u00e9si politika? A minimum 30 nap legyen a standard. A PearlsOnly-n\u00e1l minden fekete \u00e9desv\u00edzi gy\u00f6ngy darab teljes dokument\u00e1ci\u00f3val \u00e9s 90 napos visszak\u00fcld\u00e9si garanci\u00e1val \u00e9rkezik \u2014 \u00edgy teljes bizalommal v\u00e1s\u00e1rolsz, f\u00fcggetlen\u00fcl att\u00f3l, melyik darabot v\u00e1lasztod. B\u00f6ng\u00e9szd a teljes <b><a href=\"https:\/\/www.pearlsonly.hu\/black-pearls\/\">fekete gy\u00f6ngy kollekci\u00f3t<\/a><\/b>, \u00e9s tal\u00e1ld meg azt a darabot, ami pontosan illik ahhoz, amit keresel.<\/p>\n","protected":false},"excerpt":{"rendered":"<p>Discover freshwater black pearls \u2014 what they are, how they differ from Tahitian and how to buy black freshwater pearl jewelry confidently. <a href=\"https:\/\/www.pearlsonly.hu\/blog\/freshwater-black-pearls-what-they-are-and-how-to-buy-well\/\">Continue reading <span class=\"meta-nav\">&rarr;<\/span><\/a><\/p>\n","protected":false},"author":1,"featured_media":14592,"comment_status":"closed","ping_status":"closed","sticky":false,"template":"","format":"standard","meta":{"footnotes":""},"categories":[5928],"tags":[6440,6439,6438,6437],"class_list":["post-14590","post","type-post","status-publish","format-standard","has-post-thumbnail","hentry","category-buying-guides","tag-black-freshwater-pearl-jewelry","tag-black-freshwater-pearl-necklace","tag-black-freshwater-pearls","tag-freshwater-black-pearls"],"_links":{"self":[{"href":"https:\/\/www.pearlsonly.hu\/blog\/wp-json\/wp\/v2\/posts\/14590","targetHints":{"allow":["GET"]}}],"collection":[{"href":"https:\/\/www.pearlsonly.hu\/blog\/wp-json\/wp\/v2\/posts"}],"about":[{"href":"https:\/\/www.pearlsonly.hu\/blog\/wp-json\/wp\/v2\/types\/post"}],"author":[{"embeddable":true,"href":"https:\/\/www.pearlsonly.hu\/blog\/wp-json\/wp\/v2\/users\/1"}],"replies":[{"embeddable":true,"href":"https:\/\/www.pearlsonly.hu\/blog\/wp-json\/wp\/v2\/comments?post=14590"}],"version-history":[{"count":4,"href":"https:\/\/www.pearlsonly.hu\/blog\/wp-json\/wp\/v2\/posts\/14590\/revisions"}],"predecessor-version":[{"id":14595,"href":"https:\/\/www.pearlsonly.hu\/blog\/wp-json\/wp\/v2\/posts\/14590\/revisions\/14595"}],"wp:featuredmedia":[{"embeddable":true,"href":"https:\/\/www.pearlsonly.hu\/blog\/wp-json\/wp\/v2\/media\/14592"}],"wp:attachment":[{"href":"https:\/\/www.pearlsonly.hu\/blog\/wp-json\/wp\/v2\/media?parent=14590"}],"wp:term":[{"taxonomy":"category","embeddable":true,"href":"https:\/\/www.pearlsonly.hu\/blog\/wp-json\/wp\/v2\/categories?post=14590"},{"taxonomy":"post_tag","embeddable":true,"href":"https:\/\/www.pearlsonly.hu\/blog\/wp-json\/wp\/v2\/tags?post=14590"}],"curies":[{"name":"wp","href":"https:\/\/api.w.org\/{rel}","templated":true}]}}