{"id":14636,"date":"2026-08-12T10:00:40","date_gmt":"2026-08-12T15:00:40","guid":{"rendered":"https:\/\/www.pearlsonly.hu\/blog\/?p=14636"},"modified":"2026-08-17T13:06:19","modified_gmt":"2026-08-17T19:06:19","slug":"freshwater-pearls-vs-cultured-pearls-whats-the-real-difference","status":"publish","type":"post","link":"https:\/\/www.pearlsonly.hu\/blog\/freshwater-pearls-vs-cultured-pearls-whats-the-real-difference\/","title":{"rendered":"\u00c9desv\u00edzi gy\u00f6ngy\u00f6k vs. teny\u00e9sztett gy\u00f6ngy\u00f6k: Mi a val\u00f3di k\u00fcl\u00f6nbs\u00e9g"},"content":{"rendered":"<p>Valaki egyszer ezt k\u00e9rdezte t\u0151lem egy \u00e9kszerv\u00e1s\u00e1ron \u2014 \u201esz\u00f3val ezek \u00e9desv\u00edzi vagy teny\u00e9sztett?\u201d \u2014 mintha az egyiket vagy a m\u00e1sikat kellett volna v\u00e1lasztania. \u00c9s \u0151szint\u00e9n sz\u00f3lva ez a zavar teljesen \u00e9rthet\u0151. A terminol\u00f3gia val\u00f3ban f\u00e9lrevezet\u0151, ha senki nem magyar\u00e1zza el rendesen. \u00cdme teh\u00e1t a val\u00f3di v\u00e1lasz az \u00e9desv\u00edzi gy\u00f6ngy\u00f6k vs. teny\u00e9sztett gy\u00f6ngy\u00f6k k\u00e9rd\u00e9s\u00e9re \u2014 \u00e9s hogy mi\u00e9rt teljesen m\u00e1s az a \u00f6sszehasonl\u00edt\u00e1s, amelyet a legt\u00f6bb v\u00e1s\u00e1rl\u00f3 val\u00f3j\u00e1ban megpr\u00f3b\u00e1l elv\u00e9gezni.<\/p>\n<h2>\u00c9desv\u00edzi gy\u00f6ngy\u00f6k vs. teny\u00e9sztett gy\u00f6ngy\u00f6k \u2014 A r\u00f6vid v\u00e1lasz<\/h2>\n<p>Az \u00e9desv\u00edzi gy\u00f6ngy\u00f6k teny\u00e9sztett gy\u00f6ngy\u00f6k. Ez a r\u00f6vid v\u00e1lasz. De a k\u00e9t kifejez\u00e9s k\u00fcl\u00f6nb\u00f6z\u0151 dolgokat \u00edr le \u2014 az egyik azt mondja meg, hol n\u0151tt a gy\u00f6ngy, a m\u00e1sik azt, hogyan n\u0151tt. Az \u201e\u00e9desv\u00edzi\u201d a k\u00f6rnyezetre utal \u2014 tavakra \u00e9s foly\u00f3kra az \u00f3ce\u00e1nok helyett. A \u201eteny\u00e9sztett\u201d a teny\u00e9szt\u00e9si m\u00f3dszerre utal \u2014 egy emberi teny\u00e9szt\u0151 ind\u00edtotta el a gy\u00f6ngy kialakul\u00e1s\u00e1t azzal, hogy egy kis irrit\u00e1l\u00f3 anyagot juttatott a puhatest\u0171be. \u00cdgy az \u00e9desv\u00edzi teny\u00e9sztett gy\u00f6ngy\u00f6k \u00e9desv\u00edzi k\u00f6rnyezetben n\u0151ttek a teny\u00e9szt\u00e9si folyamat r\u00e9v\u00e9n. Nem vagy-vagy. Mindkett\u0151 egyszerre.<\/p>\n<p>Szinte minden ma eladott \u00e9desv\u00edzi gy\u00f6ngy teny\u00e9sztett. \u00c9s szinte minden finom \u00e9kszerben tal\u00e1lhat\u00f3 gy\u00f6ngy b\u00e1rhol \u2014 \u00e9desv\u00edzi vagy s\u00f3s v\u00edzi \u2014 szint\u00e9n teny\u00e9sztett. A val\u00f3di term\u00e9szetes gy\u00f6ngy\u00f6k, amelyek teljesen emberi beavatkoz\u00e1s n\u00e9lk\u00fcl alakultak ki, rendk\u00edv\u00fcl ritk\u00e1k. F\u0151leg antik gy\u0171jtem\u00e9nyekben \u00e9s aukci\u00f3kon bukkannak fel. Teh\u00e1t amikor \u00e9desv\u00edzi gy\u00f6ngy\u00f6ket hasonl\u00edtunk \u00f6ssze teny\u00e9sztett gy\u00f6ngy\u00f6kkel, a megk\u00fcl\u00f6nb\u00f6ztet\u00e9s, amelyet val\u00f3j\u00e1ban megpr\u00f3b\u00e1lunk meg\u00e9rteni, az \u00e9desv\u00edzi versus s\u00f3s v\u00edzi. Ez az a \u00f6sszehasonl\u00edt\u00e1s, ami a min\u0151s\u00e9g, az \u00e1r \u00e9s a st\u00edlus szempontj\u00e1b\u00f3l sz\u00e1m\u00edt.<\/p>\n<h2>N\u00f6veked\u00e9si k\u00f6rnyezet \u2014 \u00c9desv\u00edzi vs. s\u00f3s v\u00edzi<\/h2>\n<p>Az \u00e9desv\u00edzi teny\u00e9sztett gy\u00f6ngy\u00f6k \u00e9desv\u00edzi kagyl\u00f3kban n\u0151nek \u2014 els\u0151sorban a Hyriopsis cumingii hibridj\u00e9ben \u2014, amelyeket K\u00edna tavaiban \u00e9s foly\u00f3iban teny\u00e9sztenek. K\u00edna messze a legt\u00f6bb \u00e9desv\u00edzi gy\u00f6ngy\u00f6t termeli a vil\u00e1gon, \u00e9s az elm\u00falt \u00e9vtizedekben rendk\u00edv\u00fcl kifinomult teny\u00e9szt\u00e9si technik\u00e1kat fejlesztett ki. Az eredm\u00e9ny egy olyan gy\u00f6ngyt\u00edpus, amely dr\u00e1maian javult a min\u0151s\u00e9gben, mik\u00f6zben jelent\u0151sen el\u00e9rhet\u0151bb maradt az \u00e1rban, mint a s\u00f3s v\u00edzi alternat\u00edv\u00e1k.<\/p>\n<p><img loading=\"lazy\" decoding=\"async\" class=\"aligncenter wp-image-11109\" src=\"https:\/\/www.pearlsonly.hu\/blog\/wp-content\/uploads\/2026\/08\/01.-Growing-Environment-\u2014-Freshwater-vs-Saltwater.png\" alt=\"01. N\u00f6veked\u00e9si k\u00f6rnyezet \u2014 \u00c9desv\u00edzi vs. s\u00f3s v\u00edzi\" width=\"711\" height=\"400\" \/><\/p>\n<p>A s\u00f3s v\u00edzi teny\u00e9sztett gy\u00f6ngy\u00f6k ezzel szemben \u00f3ce\u00e1ni k\u00f6rnyezetben teny\u00e9sztett osztrig\u00e1kban n\u0151nek. A h\u00e1rom f\u0151 t\u00edpus a jap\u00e1n Akoya gy\u00f6ngy\u00f6k, a tahiti gy\u00f6ngy\u00f6k \u00e9s a D\u00e9l-tengeri gy\u00f6ngy\u00f6k \u2014 mindegyik m\u00e1s osztrigafajb\u00f3l sz\u00e1rmazik, k\u00fcl\u00f6nb\u00f6z\u0151 \u00f3ce\u00e1ni r\u00e9gi\u00f3kb\u00f3l. \u00c9s mindegyik valami igaz\u00e1n jellegzeteset produk\u00e1l. Az <b><a href=\"https:\/\/www.pearlsonly.hu\/japanese-akoya-pearls\/\">Akoya gy\u00f6ngy\u00f6k<\/a><\/b> \u00e9les, t\u00fck\u00f6rszer\u0171 f\u00e9nyt \u00e9s k\u00f6zel t\u00f6k\u00e9letes g\u00f6mb\u00f6ly\u0171s\u00e9get adnak. A <b><a href=\"https:\/\/www.pearlsonly.hu\/tahitian-pearls\/\">tahiti gy\u00f6ngy\u00f6k<\/a><\/b> rendk\u00edv\u00fcli, term\u00e9szetesen s\u00f6t\u00e9t sz\u00edneket produk\u00e1lnak \u2014 p\u00e1va, padlizs\u00e1n, cseresznye \u2014, amelyeket az \u00e9desv\u00edzi gy\u00f6ngy\u00f6k egyszer\u0171en nem tudnak term\u00e9szetesen ut\u00e1nozni. A <b><a href=\"https:\/\/www.pearlsonly.hu\/south-sea-pearls\/\">D\u00e9l-tengeri gy\u00f6ngy\u00f6k<\/a><\/b> pedig a legnagyobb el\u00e9rhet\u0151 teny\u00e9sztett gy\u00f6ngy\u00f6k, 9 mm-t\u0151l 20 mm-ig terjednek, azzal a jellegzetes selyemf\u00e9ny\u0171 ragyog\u00e1ssal. Mindh\u00e1rom s\u00f3s v\u00edzi teny\u00e9sztett gy\u00f6ngy. De egyik sem \u201eval\u00f3dibb\u201d, mint az \u00e9desv\u00edzi. Mindannyian val\u00f3diak.<\/p>\n<h2>Az a \u00f6sszehasonl\u00edt\u00e1s, ami t\u00e9nyleg seg\u00edt a v\u00e1s\u00e1rl\u00f3knak<\/h2>\n<p>Mivel ma szinte minden gy\u00f6ngy teny\u00e9sztett, az a \u00f6sszehasonl\u00edt\u00e1s, ami a v\u00e1s\u00e1rl\u00f3knak seg\u00edt jobb d\u00f6nt\u00e9seket hozni, az \u00e9desv\u00edzi versus s\u00f3s v\u00edzi. \u00cdgy k\u00fcl\u00f6nb\u00f6znek a legfontosabb min\u0151s\u00e9gi t\u00e9nyez\u0151k ment\u00e9n.<\/p>\n<p><img loading=\"lazy\" decoding=\"async\" class=\"aligncenter wp-image-11108\" src=\"https:\/\/www.pearlsonly.hu\/blog\/wp-content\/uploads\/2026\/08\/02.-The-Comparison-That-Actually-Helps-Buyers.png\" alt=\"02. Az a \u00f6sszehasonl\u00edt\u00e1s, ami t\u00e9nyleg seg\u00edt a v\u00e1s\u00e1rl\u00f3knak\" width=\"711\" height=\"400\" \/><\/p>\n<table style=\"width: 100%; border-collapse: collapse; margin-bottom: 16px;\">\n<thead>\n<tr style=\"background-color: #f5f5f5;\">\n<th style=\"padding: 10px; border: 1px solid #ddd; text-align: left;\">Jellemz\u0151<\/th>\n<th style=\"padding: 10px; border: 1px solid #ddd; text-align: left;\">\u00c9desv\u00edzi teny\u00e9sztett gy\u00f6ngy\u00f6k<\/th>\n<th style=\"padding: 10px; border: 1px solid #ddd; text-align: left;\">S\u00f3s v\u00edzi teny\u00e9sztett gy\u00f6ngy\u00f6k<\/th>\n<\/tr>\n<\/thead>\n<tbody>\n<tr>\n<td style=\"padding: 10px; border: 1px solid #ddd;\">N\u00f6veked\u00e9si k\u00f6rnyezet<\/td>\n<td style=\"padding: 10px; border: 1px solid #ddd;\">Tavak \u00e9s foly\u00f3k<\/td>\n<td style=\"padding: 10px; border: 1px solid #ddd;\">\u00d3ce\u00e1nok \u00e9s tengerek<\/td>\n<\/tr>\n<tr style=\"background-color: #f9f9f9;\">\n<td style=\"padding: 10px; border: 1px solid #ddd;\">Gy\u00f6ngyh\u00e1z vastags\u00e1ga<\/td>\n<td style=\"padding: 10px; border: 1px solid #ddd;\">\u00c1ltal\u00e1ban nagyon vastag \u2014 gyakran majdnem t\u00f6m\u00f6r gy\u00f6ngyh\u00e1z<\/td>\n<td style=\"padding: 10px; border: 1px solid #ddd;\">V\u00e1ltoz\u00f3 \u2014 gyakran v\u00e9konyabb a mag felett<\/td>\n<\/tr>\n<tr>\n<td style=\"padding: 10px; border: 1px solid #ddd;\">F\u00e9ny min\u0151s\u00e9ge<\/td>\n<td style=\"padding: 10px; border: 1px solid #ddd;\">L\u00e1gy bels\u0151 ragyog\u00e1s \u2014 gy\u00f6ny\u00f6r\u0171, de kev\u00e9sb\u00e9 \u00e9les<\/td>\n<td style=\"padding: 10px; border: 1px solid #ddd;\">\u00c9les t\u00fck\u00f6rszer\u0171 (Akoya) vagy m\u00e9ly selyemf\u00e9ny\u0171 (D\u00e9l-tengeri)<\/td>\n<\/tr>\n<tr style=\"background-color: #f9f9f9;\">\n<td style=\"padding: 10px; border: 1px solid #ddd;\">Forma<\/td>\n<td style=\"padding: 10px; border: 1px solid #ddd;\">Majdnem kerek \u00e9s barokk k\u00f6z\u00f6tt \u2014 organikusan v\u00e1ltozatos<\/td>\n<td style=\"padding: 10px; border: 1px solid #ddd;\">Egyenletesebben kerek (k\u00fcl\u00f6n\u00f6sen az Akoya)<\/td>\n<\/tr>\n<tr>\n<td style=\"padding: 10px; border: 1px solid #ddd;\">Sz\u00ednv\u00e1laszt\u00e9k<\/td>\n<td style=\"padding: 10px; border: 1px solid #ddd;\">Feh\u00e9r, kr\u00e9m, r\u00f3zsasz\u00edn, barack, levendula<\/td>\n<td style=\"padding: 10px; border: 1px solid #ddd;\">Feh\u00e9r, kr\u00e9m, fekete, arany (t\u00edpust\u00f3l f\u00fcgg\u0151en)<\/td>\n<\/tr>\n<tr style=\"background-color: #f9f9f9;\">\n<td style=\"padding: 10px; border: 1px solid #ddd;\">M\u00e9rettartom\u00e1ny<\/td>\n<td style=\"padding: 10px; border: 1px solid #ddd;\">Tipikusan 2 mm-t\u0151l 16 mm-ig<\/td>\n<td style=\"padding: 10px; border: 1px solid #ddd;\">5 mm-t\u0151l 20 mm-ig t\u00edpust\u00f3l f\u00fcgg\u0151en<\/td>\n<\/tr>\n<tr>\n<td style=\"padding: 10px; border: 1px solid #ddd;\">Tart\u00f3ss\u00e1g<\/td>\n<td style=\"padding: 10px; border: 1px solid #ddd;\">Kiv\u00e1l\u00f3 \u2014 a vastag gy\u00f6ngyh\u00e1z j\u00f3l b\u00edrja a mindennapi visel\u00e9st<\/td>\n<td style=\"padding: 10px; border: 1px solid #ddd;\">J\u00f3 \u2014 de a v\u00e9konyabb gy\u00f6ngyh\u00e1z \u00e9rz\u00e9kenyebb a kop\u00e1sra<\/td>\n<\/tr>\n<tr style=\"background-color: #f9f9f9;\">\n<td style=\"padding: 10px; border: 1px solid #ddd;\">\u00c1r<\/td>\n<td style=\"padding: 10px; border: 1px solid #ddd;\">Jelent\u0151sen el\u00e9rhet\u0151bb<\/td>\n<td style=\"padding: 10px; border: 1px solid #ddd;\">Magasabb \u2014 n\u00e9ha jelent\u0151sen<\/td>\n<\/tr>\n<tr>\n<td style=\"padding: 10px; border: 1px solid #ddd;\">Legjobb<\/td>\n<td style=\"padding: 10px; border: 1px solid #ddd;\">Mindennapi visel\u00e9shez, aj\u00e1nd\u00e9koz\u00e1shoz, els\u0151 gy\u00f6ngydarabokhoz<\/td>\n<td style=\"padding: 10px; border: 1px solid #ddd;\">Befektet\u00e9si darabokhoz, form\u00e1lis alkalmakhoz, gy\u0171jt\u0151knek<\/td>\n<\/tr>\n<\/tbody>\n<\/table>\n<h2>A gy\u00f6ngyh\u00e1z \u2014 A t\u00e9nyez\u0151, amir\u0151l senki nem besz\u00e9l eleget<\/h2>\n<p>A gy\u00f6ngyh\u00e1z az a r\u00e9teges krist\u00e1lyos anyag, amelyet a puhatest\u0171 egy irrit\u00e1l\u00f3 anyag k\u00f6r\u00e9 rak le, hogy gy\u00f6ngy\u00f6t k\u00e9pezzen. Ez adja a gy\u00f6ngy ragyog\u00e1s\u00e1t, m\u00e9lys\u00e9g\u00e9t \u00e9s tart\u00f3ss\u00e1g\u00e1t. \u00c9s ez a legfontosabb min\u0151s\u00e9gi t\u00e9nyez\u0151 b\u00e1rmely gy\u00f6ngyben \u2014 \u00e9desv\u00edzi vagy s\u00f3s v\u00edzi \u2014, amir\u0151l a legt\u00f6bb v\u00e1s\u00e1rl\u00f3 soha nem gondolja, hogy k\u00e9rdezzen.<\/p>\n<p><img loading=\"lazy\" decoding=\"async\" class=\"aligncenter wp-image-11107\" src=\"https:\/\/www.pearlsonly.hu\/blog\/wp-content\/uploads\/2026\/08\/03.-Nacre-\u2014-The-Factor-Nobody-Talks-About-Enough.png\" alt=\"03. A gy\u00f6ngyh\u00e1z \u2014 A t\u00e9nyez\u0151, amir\u0151l senki nem besz\u00e9l eleget\" width=\"711\" height=\"400\" \/><\/p>\n<p>A legjobb min\u0151s\u00e9g\u0171 <b><a href=\"https:\/\/www.pearlsonly.hu\/freshwater-pearls\/\">\u00e9desv\u00edzi gy\u00f6ngy\u00f6kben<\/a><\/b> a gy\u00f6ngyh\u00e1z rendk\u00edv\u00fcl vastag \u2014 gyakran 1,5 mm-t\u0151l 3 mm-ig vagy t\u00f6bb, n\u00e9ha majdnem t\u00f6m\u00f6r az eg\u00e9sz gy\u00f6ngy\u00f6n kereszt\u00fcl. Ez a vastags\u00e1g l\u00e1gy, f\u00e9nyes ragyog\u00e1st hoz l\u00e9tre, amely a visel\u00e9ssel ink\u00e1bb m\u00e9ly\u00fcl, mintsem tompul. Ha enyh\u00e9n megkarcolja, m\u00e9g mindig a gy\u00f6ngyh\u00e1zban van \u2014 nem \u00fctk\u00f6zik magba alul. A maggal teny\u00e9sztett Akoya gy\u00f6ngy\u00f6kn\u00e9l viszont a gy\u00f6ngyh\u00e1zr\u00e9teg v\u00e9konyabb \u2014 tipikusan 0,4 mm-t\u0151l 0,7 mm-ig standard min\u0151s\u00e9gben. Ez a v\u00e9konyabb r\u00e9teg hozza l\u00e9tre a h\u00edres \u00e9les, t\u00fck\u00f6rszer\u0171 Akoya f\u00e9nyt. De \u00e9rz\u00e9kenyebb\u00e9 is teszi az Akoya gy\u00f6ngy\u00f6ket a mindennapi visel\u00e9sre \u00e9s a vegyszerekre. Egyik megk\u00f6zel\u00edt\u00e9s sem rossz. De a gy\u00f6ngyh\u00e1z vastags\u00e1g\u00e1nak meg\u00e9rt\u00e9se teljesen megv\u00e1ltoztatja, hogyan gondolkodunk az \u00e9rt\u00e9kr\u0151l az \u00e9desv\u00edzi vs. s\u00f3s v\u00edzi \u00f6sszehasonl\u00edt\u00e1sban.<\/p>\n<h2>Val\u00f3diak-e az \u00e9desv\u00edzi gy\u00f6ngy\u00f6k?<\/h2>\n<p>Teljesen. Az \u00e9desv\u00edzi teny\u00e9sztett gy\u00f6ngy\u00f6k minden l\u00e9nyeges \u00e9rtelemben val\u00f3di gy\u00f6ngy\u00f6k. \u00c9l\u0151 szervezetben alakulnak ki, ugyanazon a biol\u00f3giai folyamaton kereszt\u00fcl, mint b\u00e1rmely m\u00e1s gy\u00f6ngy \u2014 a puhatest\u0171 h\u00f3napokon vagy \u00e9veken \u00e1t gy\u00f6ngyh\u00e1zr\u00e9tegekkel vonja be az irrit\u00e1l\u00f3 anyagot. Az emberi beavatkoz\u00e1s csak elind\u00edtja a folyamatot. A puhatest\u0171 ezut\u00e1n mindent megcsin\u00e1l. Teh\u00e1t az \u00e9desv\u00edzi gy\u00f6ngy\u00f6k nem szintetikusak, nem hamisak \u00e9s semmilyen m\u00f3don nem ut\u00e1nzatok.<\/p>\n<p>A teny\u00e9sztett \u00e9s a hamis gy\u00f6ngy\u00f6k k\u00f6z\u00f6tti zavar az egyik legmakacsabb t\u00e9vhit a finom \u00e9kszerek vil\u00e1g\u00e1ban. A hamis gy\u00f6ngy\u00f6k \u2014 \u00fcveg, m\u0171anyag vagy kagyl\u00f3bevonat\u00fa ut\u00e1nzatok \u2014 egy\u00e1ltal\u00e1n nem tartalmaznak gy\u00f6ngyh\u00e1zat. A teny\u00e9sztett gy\u00f6ngy\u00f6k, legyenek \u00e9desv\u00edzi vagy s\u00f3s v\u00edzi, szerves dr\u00e1gak\u00f6vek val\u00f3di gy\u00f6ngyh\u00e1zr\u00e9tegekkel. Ha gyors ellen\u0151rz\u00e9st szeretne \u2014 d\u00f6rzs\u00f6lj\u00f6n egy gy\u00f6ngy\u00f6t a fog\u00e1hoz. A val\u00f3di gy\u00f6ngyh\u00e1z \u00e9rdesnek t\u0171nik. A hamis teljesen sima. \u00d6t m\u00e1sodpercig tart. Mindig m\u0171k\u00f6dik.<\/p>\n<h2>Mikor v\u00e1lasszon \u00e9desv\u00edzi teny\u00e9sztett gy\u00f6ngy\u00f6ket<\/h2>\n<p><img loading=\"lazy\" decoding=\"async\" class=\" wp-image-11106 alignleft\" src=\"https:\/\/www.pearlsonly.hu\/blog\/wp-content\/uploads\/2026\/08\/04.-When-to-Choose-Freshwater-Cultured-Pearls.png\" alt=\"04. Mikor v\u00e1lasszon \u00e9desv\u00edzi teny\u00e9sztett gy\u00f6ngy\u00f6ket\" width=\"432\" height=\"243\" \/><\/p>\n<p>Az \u00e9desv\u00edzi teny\u00e9sztett gy\u00f6ngy\u00f6k a legt\u00f6bb v\u00e1s\u00e1rl\u00f3nak a legt\u00f6bb helyzetben megfelelnek. Mindennapi visel\u00e9sre \u2014 a vastag gy\u00f6ngyh\u00e1z \u00fagy b\u00edrja a rendszeres haszn\u00e1latot, ahogy a v\u00e9konyabb gy\u00f6ngyh\u00e1z\u00fa s\u00f3s v\u00edzi gy\u00f6ngy\u00f6k nem mindig. \u00cdgy egy minden nap viselt \u00e9desv\u00edzi gy\u00f6ngykark\u00f6t\u0151 hosszabb ideig fog jobban kin\u00e9zni, mint egy azonos \u00e1rfekv\u00e9s\u0171 Akoya darab. Az els\u0151 gy\u00f6ngyv\u00e1s\u00e1rl\u00e1sokhoz \u2014 az el\u00e9rhet\u0151 \u00e1r azt jelenti, hogy val\u00f3ban j\u00f3 min\u0151s\u00e9gbe fektethet an\u00e9lk\u00fcl, hogy t\u00falv\u00e1llaln\u00e1 mag\u00e1t. Aj\u00e1nd\u00e9koz\u00e1shoz \u2014 az \u00e9desv\u00edzi gy\u00f6ngy\u00e9kszerek minden kateg\u00f3ri\u00e1t lefednek sz\u00e9les \u00e1rtartom\u00e1nyban. \u00c9s a sz\u00edn szempontj\u00e1b\u00f3l \u2014 a r\u00f3zsasz\u00edn, levendula, barack vagy t\u00f6bbsz\u00edn\u0171 lehet\u0151s\u00e9gek term\u00e9szetesen csak az \u00e9desv\u00edziben l\u00e9teznek. B\u00f6ng\u00e9ssze a teljes <b><a href=\"https:\/\/www.pearlsonly.hu\/freshwater-pearls\/\">\u00e9desv\u00edzi gy\u00f6ngykollekci\u00f3t<\/a><\/b> a PearlsOnly-n\u00e1l, hogy megtal\u00e1lja a megfelel\u0151 darabot.<\/p>\n<h2>Mikor \u00e9rdemes a s\u00f3s v\u00edzi gy\u00f6ngy\u00f6kre a fel\u00e1rat fizetni<\/h2>\n<p>A s\u00f3s v\u00edzi teny\u00e9sztett gy\u00f6ngy\u00f6k akkor van \u00e9rtelme, ha bizonyos tulajdons\u00e1gok fontosabbak, mint az \u00e1r. Szeretn\u00e9 a lehet\u0151 leg\u00e9lesebb kerek feh\u00e9r f\u00e9nyt \u2014 a klasszikus gy\u00f6ngymegjelen\u00e9st, amely egy \u00e9vsz\u00e1zadon \u00e1t meghat\u00e1rozta a finom \u00e9kszereket? Az Akoya a m\u00e9rce, \u00e9s semmi m\u00e1s nem igaz\u00e1n egyenl\u0151 vele. Szeretne term\u00e9szetesen s\u00f6t\u00e9t, dr\u00e1mai sz\u00ednt rendk\u00edv\u00fcli \u00e1rnyalatokkal? A tahiti az egyetlen val\u00f3di lehet\u0151s\u00e9g. Szeretn\u00e9 a legnagyobb, legimpoz\u00e1nsabb gy\u00f6ngy jelenl\u00e9tet, ami el\u00e9rhet\u0151? A D\u00e9l-tengeri egy saj\u00e1t kateg\u00f3ri\u00e1ban van.<\/p>\n<p><img loading=\"lazy\" decoding=\"async\" class=\"aligncenter wp-image-11105\" src=\"https:\/\/www.pearlsonly.hu\/blog\/wp-content\/uploads\/2026\/08\/05.-When-Saltwater-Pearls-Are-Worth-the-Premium.png\" alt=\"05. Mikor \u00e9rdemes a s\u00f3s v\u00edzi gy\u00f6ngy\u00f6kre a fel\u00e1rat fizetni\" width=\"711\" height=\"400\" \/><\/p>\n<p>Befektet\u00e9si darabokhoz, \u00f6r\u00f6k\u00f6lhet\u0151 \u00e9kszerekhez \u00e9s olyan alkalmakhoz, ahol a gy\u00f6ngyt\u00edpus a darabon t\u00falmutat\u00f3 jelent\u00e9st hordoz, a s\u00f3s v\u00edzi gy\u00f6ngy\u00f6k indokolj\u00e1k a fel\u00e1rat. B\u00f6ng\u00e9ssze a teljes s\u00f3s v\u00edzi k\u00edn\u00e1latot \u2014 <b><a href=\"https:\/\/www.pearlsonly.hu\/japanese-akoya-pearls\/\">Akoya<\/a><\/b>, <b><a href=\"https:\/\/www.pearlsonly.hu\/tahitian-pearls\/\">tahiti<\/a><\/b> \u00e9s <b><a href=\"https:\/\/www.pearlsonly.hu\/south-sea-pearls\/\">D\u00e9l-tengeri<\/a><\/b> \u2014 a PearlsOnly-n\u00e1l, hogy \u00f6sszehasonl\u00edthassa minden t\u00edpust, min\u0151s\u00e9get \u00e9s \u00e1rszintet.<\/p>\n<h2>GYIK: \u00c9desv\u00edzi gy\u00f6ngy\u00f6k vs. teny\u00e9sztett gy\u00f6ngy\u00f6k<\/h2>\n<p><strong>Ugyanazok az \u00e9desv\u00edzi gy\u00f6ngy\u00f6k \u00e9s a teny\u00e9sztett gy\u00f6ngy\u00f6k?<\/strong> Szinte mindig igen. A ma eladott \u00e9desv\u00edzi gy\u00f6ngy\u00f6k t\u00falnyom\u00f3 t\u00f6bbs\u00e9ge teny\u00e9sztett. Teh\u00e1t a kifejez\u00e9sek azt \u00edrj\u00e1k le, hol \u00e9s hogyan n\u0151 a gy\u00f6ngy \u2014 nem k\u00e9t k\u00fcl\u00f6nb\u00f6z\u0151 gy\u00f6ngykateg\u00f3ri\u00e1t.<\/p>\n<p><strong>Melyik a jobb \u2014 az \u00e9desv\u00edzi vagy a s\u00f3s v\u00edzi teny\u00e9sztett gy\u00f6ngy?<\/strong> Egyik sem univerz\u00e1lisan jobb. Az \u00e9desv\u00edzi teny\u00e9sztett gy\u00f6ngy\u00f6k vastagabb gy\u00f6ngyh\u00e1zat, jobb tart\u00f3ss\u00e1got, sz\u00e9lesebb sz\u00ednv\u00e1laszt\u00e9kot \u00e9s el\u00e9rhet\u0151bb \u00e1rakat k\u00edn\u00e1lnak. A s\u00f3s v\u00edzi teny\u00e9sztett gy\u00f6ngy\u00f6k \u00e9lesebb f\u00e9nyt, term\u00e9szetes s\u00f6t\u00e9t sz\u00ednt vagy kiv\u00e9teles m\u00e9retet. A megfelel\u0151 v\u00e1laszt\u00e1s teljes m\u00e9rt\u00e9kben att\u00f3l f\u00fcgg, mi a legfontosabb az adott darabn\u00e1l.<\/p>\n<p><strong>A teny\u00e9sztett gy\u00f6ngy\u00f6k hamisak?<\/strong> Nem. A teny\u00e9sztett gy\u00f6ngy\u00f6k val\u00f3di gy\u00f6ngy\u00f6k. \u00c9l\u0151 puhatest\u0171ekben alakulnak ki val\u00f3di biol\u00f3giai folyamatok r\u00e9v\u00e9n \u2014 a teny\u00e9szt\u0151 bevezeti a kezdeti irrit\u00e1l\u00f3 anyagot, majd a puhatest\u0171 l\u00e9trehozza a gy\u00f6ngy\u00f6t. A gy\u00f6ngyh\u00e1z, a f\u00e9ny \u00e9s maga a gy\u00f6ngy teljesen val\u00f3di.<\/p>\n<p><strong>Mi\u00e9rt olcs\u00f3bbak az \u00e9desv\u00edzi gy\u00f6ngy\u00f6k, mint az Akoya vagy a D\u00e9l-tengeri gy\u00f6ngy\u00f6k?<\/strong> Az \u00e9desv\u00edzi gy\u00f6ngyteny\u00e9szt\u00e9s produkt\u00edvabb \u2014 egyetlen kagyl\u00f3 egyszerre t\u00f6bb gy\u00f6ngy\u00f6t termel, \u00e9s a teny\u00e9szt\u00e9si ciklus r\u00f6videbb. Ez a hat\u00e9konys\u00e1g cs\u00f6kkenti az \u00e1rakat an\u00e9lk\u00fcl, hogy a legjobb min\u0151s\u00e9g\u0171 gy\u00f6ngyh\u00e1z min\u0151s\u00e9g\u00e9t vesz\u00e9lyeztetn\u00e9.<\/p>\n","protected":false},"excerpt":{"rendered":"<p>Freshwater pearls vs cultured pearls \u2014 what&#8217;s the difference? The answer might surprise you. Here&#8217;s the honest explanation every buyer needs. <a href=\"https:\/\/www.pearlsonly.hu\/blog\/freshwater-pearls-vs-cultured-pearls-whats-the-real-difference\/\">Continue reading <span class=\"meta-nav\">&rarr;<\/span><\/a><\/p>\n","protected":false},"author":1,"featured_media":14638,"comment_status":"closed","ping_status":"closed","sticky":false,"template":"","format":"standard","meta":{"footnotes":""},"categories":[5911],"tags":[6452,6453,6450,6451],"class_list":["post-14636","post","type-post","status-publish","format-standard","has-post-thumbnail","hentry","category-pearls-education","tag-cultured-pearls-explained","tag-freshwater-pearl-guide","tag-freshwater-pearls-vs-cultured-pearls","tag-freshwater-vs-cultured-pearls"],"_links":{"self":[{"href":"https:\/\/www.pearlsonly.hu\/blog\/wp-json\/wp\/v2\/posts\/14636","targetHints":{"allow":["GET"]}}],"collection":[{"href":"https:\/\/www.pearlsonly.hu\/blog\/wp-json\/wp\/v2\/posts"}],"about":[{"href":"https:\/\/www.pearlsonly.hu\/blog\/wp-json\/wp\/v2\/types\/post"}],"author":[{"embeddable":true,"href":"https:\/\/www.pearlsonly.hu\/blog\/wp-json\/wp\/v2\/users\/1"}],"replies":[{"embeddable":true,"href":"https:\/\/www.pearlsonly.hu\/blog\/wp-json\/wp\/v2\/comments?post=14636"}],"version-history":[{"count":4,"href":"https:\/\/www.pearlsonly.hu\/blog\/wp-json\/wp\/v2\/posts\/14636\/revisions"}],"predecessor-version":[{"id":14641,"href":"https:\/\/www.pearlsonly.hu\/blog\/wp-json\/wp\/v2\/posts\/14636\/revisions\/14641"}],"wp:featuredmedia":[{"embeddable":true,"href":"https:\/\/www.pearlsonly.hu\/blog\/wp-json\/wp\/v2\/media\/14638"}],"wp:attachment":[{"href":"https:\/\/www.pearlsonly.hu\/blog\/wp-json\/wp\/v2\/media?parent=14636"}],"wp:term":[{"taxonomy":"category","embeddable":true,"href":"https:\/\/www.pearlsonly.hu\/blog\/wp-json\/wp\/v2\/categories?post=14636"},{"taxonomy":"post_tag","embeddable":true,"href":"https:\/\/www.pearlsonly.hu\/blog\/wp-json\/wp\/v2\/tags?post=14636"}],"curies":[{"name":"wp","href":"https:\/\/api.w.org\/{rel}","templated":true}]}}