{"id":14676,"date":"2026-08-15T10:00:07","date_gmt":"2026-08-15T15:00:07","guid":{"rendered":"https:\/\/www.pearlsonly.hu\/blog\/?p=14676"},"modified":"2026-08-30T12:10:32","modified_gmt":"2026-08-30T18:10:32","slug":"tahiti-black-pearls-everything-you-need-to-know-before-buying","status":"publish","type":"post","link":"https:\/\/www.pearlsonly.hu\/blog\/tahiti-black-pearls-everything-you-need-to-know-before-buying\/","title":{"rendered":"Tahiti fekete gy\u00f6ngy\u00f6k: Minden, amit tudnod kell v\u00e1s\u00e1rl\u00e1s el\u0151tt"},"content":{"rendered":"<p>Amikor el\u0151sz\u00f6r fogtam a kezembe egy tahiti fekete gy\u00f6ngy\u00f6t, azt v\u00e1rtam, hogy fekete lesz. Egyszer\u0171en fekete. Ehelyett egy s\u00f6t\u00e9tsz\u00fcrke fel\u00fcletet kaptam, amelyen z\u00f6ldes-arany csillog\u00e1s futott v\u00e9gig, \u00e9s minden alkalommal v\u00e1ltozott, amikor a f\u00e9ny fel\u00e9 d\u00f6nt\u00f6ttem. \u00dagy \u00e9reztem, mintha valami \u00e9l\u0151t tartan\u00e9k a kezemben. Ez az, amit a f\u00e9nyk\u00e9pek nem igaz\u00e1n tudnak megragadni a tahiti fekete gy\u00f6ngy\u00f6kn\u00e9l \u2014 a sz\u00edn nem lapos, nem statikus, \u00e9s val\u00f3j\u00e1ban nem is igaz\u00e1n fekete. \u00cdme minden, amit \u00e9rdemes tudni arr\u00f3l, hogy val\u00f3j\u00e1ban mik ezek, honnan sz\u00e1rmaznak, \u00e9s hogyan lehet j\u00f3l v\u00e1s\u00e1rolni bel\u0151l\u00fck.<\/p>\n<h2>Mik azok a tahiti fekete gy\u00f6ngy\u00f6k<\/h2>\n<p>A tahiti fekete gy\u00f6ngy\u00f6k teny\u00e9sztett gy\u00f6ngy\u00f6k, amelyeket a Pinctada margaritifera osztriga \u2014 a feketesz\u00e1j\u00fa gy\u00f6ngyosztriga \u2014 termel, amelyet Francia-Polin\u00e9zia lag\u00fan\u00e1iban \u00e9s atolljain teny\u00e9sztenek. A n\u00e9vben szerepl\u0151 \u201efekete\u201d a gy\u00f6ngy s\u00f6t\u00e9t alapsz\u00edn\u00e9re utal, amely a vil\u00e1gossz\u00fcrk\u00e9t\u0151l a s\u00f6t\u00e9tsz\u00fcrk\u00e9n \u00e1t a majdnem feket\u00e9ig terjed. De ez a s\u00f6t\u00e9t sz\u00edn teljesen term\u00e9szetes. Nincs fest\u00e9s. Nincs besug\u00e1rz\u00e1s. Nincs kezel\u00e9s a betakar\u00edt\u00e1s ut\u00e1n. Teh\u00e1t amit l\u00e1tsz, az pontosan az, amit az osztriga termelt \u2014 val\u00f3ban a vil\u00e1g egyik legritk\u00e1bb term\u00e9szetes gy\u00f6ngysz\u00edne.<\/p>\n<p><img loading=\"lazy\" decoding=\"async\" class=\"aligncenter wp-image-11142\" src=\"https:\/\/www.pearlsonly.hu\/blog\/wp-content\/uploads\/2026\/08\/01.-What-Are-Tahiti-Black-Pearls.png\" alt=\"01. Mik azok a tahiti fekete gy\u00f6ngy\u00f6k\" width=\"711\" height=\"400\" \/><\/p>\n<p>Francia-Polin\u00e9zia \u2014 k\u00fcl\u00f6n\u00f6sen Tahiti, Rangiroa, Fakarava \u00e9s Manihiki szigetei \u2014 az egyetlen hely a vil\u00e1gon, ahol a Pinctada margaritifera term\u00e9szetes m\u00f3don, nagy l\u00e9pt\u00e9kben vir\u00e1gzik. \u00c9s a francia-polin\u00e9ziai korm\u00e1ny szigor\u00fa minim\u00e1lis nacre-vastags\u00e1gi szabv\u00e1nyokat \u00e9rv\u00e9nyes\u00edt az export\u00e1lt gy\u00f6ngy\u00f6kre. A val\u00f3di tahiti fekete gy\u00f6ngy\u00f6k teh\u00e1t m\u00e1r a kezdetekt\u0151l val\u00f3di szerkezeti min\u0151s\u00e9get hordoznak a ell\u00e1t\u00e1si l\u00e1ncban. Ez a szab\u00e1lyoz\u00e1si keret az egyik oka annak, hogy a legmagasabb min\u0151s\u00e9g\u0171 tahiti gy\u00f6ngy\u00f6k k\u00f6vetkezetesen kiv\u00e9telesek \u2014 \u00e9s hogy a \u201etahiti\u201d megjel\u00f6l\u00e9s val\u00f3di jelent\u00e9ssel b\u00edr a marketingen t\u00fal.<\/p>\n<h2>Mi\u00e9rt nem igaz\u00e1n feket\u00e9k a tahiti fekete gy\u00f6ngy\u00f6k<\/h2>\n<p>Ez az, ami a legt\u00f6bb els\u0151 v\u00e1s\u00e1rl\u00f3t meglepi. A tahiti fekete gy\u00f6ngy\u00f6k nem feket\u00e9k. Nem igaz\u00e1n. Az alapsz\u00edn s\u00f6t\u00e9t \u2014 sz\u00fcrk\u00e9t\u0151l a majdnem feket\u00e9ig \u2014, de ami igaz\u00e1n rendk\u00edv\u00fcliv\u00e9 teszi \u0151ket, az a s\u00f6t\u00e9t alap felett \u00fcl\u0151 overtone r\u00e9teg. \u00c9s az overtone az a pont, ahol a tahiti fekete gy\u00f6ngy\u00f6k val\u00f3ban k\u00fcl\u00f6nb\u00f6znek mindent\u0151l a finom \u00e9kszerek vil\u00e1g\u00e1ban.<\/p>\n<p><img loading=\"lazy\" decoding=\"async\" class=\"aligncenter wp-image-11141\" src=\"https:\/\/www.pearlsonly.hu\/blog\/wp-content\/uploads\/2026\/08\/02.-Why-Tahiti-Black-Pearls-Arent-Actually-Black.png\" alt=\"02. Mi\u00e9rt nem igaz\u00e1n feket\u00e9k a tahiti fekete gy\u00f6ngy\u00f6k\" width=\"711\" height=\"400\" \/><\/p>\n<p>A peacock overtone a leg\u00fcnnepeltebb. Z\u00f6ldes-arany iriz\u00e1l\u00e1s a s\u00f6t\u00e9tsz\u00fcrke felett, amely a z\u00f6ld, az arany \u00e9s a bronz k\u00f6z\u00f6tt v\u00e1ltakozik a sz\u00f6gt\u0151l \u00e9s a f\u00e9nyforr\u00e1st\u00f3l f\u00fcgg\u0151en. Ez az overtone, amelyet a legfinomabb tahiti gy\u00f6ngy\u00f6kh\u00f6z t\u00e1rs\u00edtanak, \u00e9s amely a legmagasabb \u00e1rakat \u00e9ri el. Az aubergine m\u00e9ly lila-ibolya \u00e1rnyalatban fut a s\u00f6t\u00e9t alap felett \u2014 rendk\u00edv\u00fcl luxus \u00e9s k\u00fcl\u00f6n\u00f6sen felt\u0171n\u0151 az esti \u00e9kszerekben. A cherry v\u00f6r\u00f6ses-r\u00f3zs\u00e1s melegs\u00e9get ad, amely ritk\u00e1bb, mint a peacock, \u00e9s k\u00fcl\u00f6n\u00f6sen sz\u00e9p a meleg b\u0151rt\u00f3nusokkal szemben. Az ez\u00fcst-z\u00f6ld a legklasszikusabb \u00e9s legsz\u00e9lesebb k\u00f6rben el\u00e9rhet\u0151 ir\u00e1ny \u2014 kev\u00e9sb\u00e9 dr\u00e1mai, mint a peacock, de val\u00f3ban eleg\u00e1ns \u00e9s nagyon viselhet\u0151. A k\u00e9k overtone pedig \u2014 h\u0171v\u00f6s, ac\u00e9los \u00e9s kort\u00e1rs \u2014 a jelenlegi piac egyik legszokatlanabb \u00e9s legkeresettebb ir\u00e1nya. Teh\u00e1t a tahiti fekete gy\u00f6ngy\u00f6k nem egyetlen sz\u00edn. Egy csal\u00e1d s\u00f6t\u00e9t gy\u00f6ngy\u00f6kb\u0151l, dr\u00e1maian elt\u00e9r\u0151 overtone-szem\u00e9lyis\u00e9gekkel.<\/p>\n<h2>Tahiti fekete gy\u00f6ngy\u00f6k vs. festett fekete gy\u00f6ngy\u00f6k<\/h2>\n<p>Ez a k\u00fcl\u00f6nbs\u00e9gt\u00e9tel kritikus \u2014 \u00e9s ez az, amit a legt\u00f6bb v\u00e1s\u00e1rl\u00f3 rosszul \u00e9rt, miel\u0151tt megfelel\u0151en meg\u00e9rten\u00e9 a kateg\u00f3ri\u00e1t. A val\u00f3di tahiti fekete gy\u00f6ngy\u00f6knek term\u00e9szetesen s\u00f6t\u00e9t alapsz\u00edne van, amelyet a Pinctada margaritifera osztriga termel. A festett fekete gy\u00f6ngy\u00f6k azonban \u2014 jellemz\u0151en festett \u00e9desv\u00edzi gy\u00f6ngy\u00f6k vagy festett Akoya gy\u00f6ngy\u00f6k \u2014 feh\u00e9r vagy vil\u00e1gos sz\u00edn\u0171 gy\u00f6ngy\u00f6k, amelyeket a betakar\u00edt\u00e1s ut\u00e1n kezeltek, hogy s\u00f6t\u00e9t sz\u00ednt kapjanak.<\/p>\n<p><img loading=\"lazy\" decoding=\"async\" class=\"aligncenter wp-image-11140\" src=\"https:\/\/www.pearlsonly.hu\/blog\/wp-content\/uploads\/2026\/08\/03.-Tahiti-Black-Pearls-vs-Dyed-Black-Pearls.png\" alt=\"03. Tahiti fekete gy\u00f6ngy\u00f6k vs. festett fekete gy\u00f6ngy\u00f6k\" width=\"711\" height=\"400\" \/><\/p>\n<p>Mindkett\u0151 val\u00f3di gy\u00f6ngy val\u00f3di nacr\u00e9val. De nem ugyanaz a term\u00e9k. A festett fekete gy\u00f6ngy\u00f6knek lapos, egyenletes sz\u00edne van, term\u00e9szetes overtone-komplexit\u00e1s n\u00e9lk\u00fcl \u2014 a s\u00f6t\u00e9t fel van kenve, nem n\u0151tt, teh\u00e1t a fel\u00fcleten \u00fcl, nem pedig a nacre szerkezet\u00e9n kereszt\u00fcl mozog. A val\u00f3di tahiti fekete gy\u00f6ngy\u00f6knek azok a rendk\u00edv\u00fcli term\u00e9szetes overtone-jei vannak, mert a sz\u00edn a nacre szerkezet\u00e9n bel\u00fclr\u0151l sz\u00e1rmazik. Egym\u00e1s mellett a k\u00fcl\u00f6nbs\u00e9g azonnal nyilv\u00e1nval\u00f3 term\u00e9szetes f\u00e9nyben. A festett gy\u00f6ngy egyenletesen s\u00f6t\u00e9tnek t\u0171nik. A val\u00f3di tahiti gy\u00f6ngy \u00e9l\u0151nek t\u0171nik. Teh\u00e1t mindig k\u00e9rdezd meg egy\u00e9rtelm\u0171en \u2014 a sz\u00edn term\u00e9szetes vagy kezelt? B\u00e1rmely megb\u00edzhat\u00f3 elad\u00f3 vil\u00e1gosan \u00e9s haboz\u00e1s n\u00e9lk\u00fcl v\u00e1laszol.<\/p>\n<h2>M\u00e9ret \u00e9s forma \u2014 T\u00f6bb v\u00e1ltozatoss\u00e1g, mint gondoln\u00e1d<\/h2>\n<p>A tahiti fekete gy\u00f6ngy\u00f6k jelent\u0151sen nagyobbak a legt\u00f6bb m\u00e1s gy\u00f6ngyt\u00edpusn\u00e1l. A tipikus m\u00e9rettartom\u00e1ny 8 mm-t\u0151l 18 mm-ig terjed, a legt\u00f6bb min\u0151s\u00e9gi kereskedelmi termel\u00e9s 9 mm \u00e9s 13 mm k\u00f6z\u00f6tt van. Ezeken a m\u00e9reteken az overtone-k teljesen l\u00e1that\u00f3v\u00e1 v\u00e1lnak, \u00e9s a selyemf\u00e9ny\u0171 ragyog\u00e1snak val\u00f3di fel\u00fclete van, hogy kifejezze mag\u00e1t. 8 mm alatti m\u00e9ret szokatlan a val\u00f3di tahiti termel\u00e9sben \u2014 ha \u201etahiti gy\u00f6ngy\u00f6ket\u201d l\u00e1tsz 8 mm alatt nagyon alacsony \u00e1ron, kezeld k\u00e9tked\u00e9ssel.<\/p>\n<p><img loading=\"lazy\" decoding=\"async\" class=\"aligncenter wp-image-11139\" src=\"https:\/\/www.pearlsonly.hu\/blog\/wp-content\/uploads\/2026\/08\/04.-Size-and-Shape-of-Tahiti-Black-Pearls.png\" alt=\"04. A tahiti fekete gy\u00f6ngy\u00f6k m\u00e9rete \u00e9s form\u00e1ja\" width=\"711\" height=\"400\" \/><\/p>\n<p>A forma a t\u00f6k\u00e9letesen kerekt\u0151l a k\u00f6zel kerek, ov\u00e1lis, gomb, csepp, f\u00e9lbarokk \u00e9s teljesen barokk form\u00e1kig terjed. \u00c9s \u0151szint\u00e9n sz\u00f3lva a forma az, ahol a tahiti fekete gy\u00f6ngy\u00f6k t\u00f6bb val\u00f3di v\u00e1laszt\u00e1st k\u00edn\u00e1lnak, mint a legt\u00f6bb gy\u00f6ngyt\u00edpus. A kerek tahiti gy\u00f6ngy\u00f6k a legritk\u00e1bbak \u00e9s legdr\u00e1g\u00e1bbak \u2014 a feketesz\u00e1j\u00fa osztrig\u00e1t geometriailag t\u00f6k\u00e9letes g\u00f6mb\u00f6t termelni val\u00f3ban neh\u00e9z. De a csepp alak\u00fa tahiti fekete gy\u00f6ngy\u00f6k f\u00fclbeval\u00f3- \u00e9s med\u00e1l-be\u00e1ll\u00edt\u00e1sokban rendk\u00edv\u00fcl sz\u00e9pek \u2014 a keskenyed\u0151 hegy term\u00e9szetesen l\u00f3g, \u00e9s minden mozg\u00e1ssal fogja a f\u00e9nyt. A barokk tahiti gy\u00f6ngy\u00f6k pedig \u2014 szabad form\u00e1j\u00fa, szab\u00e1lytalan alakok \u00f6sszetett fel\u00fcleti karakterrel \u2014 jelenleg az egyik leger\u0151sebb \u00e9kszertrend. Mindegyik egyedi. Mindegyik val\u00f3ban k\u00fcl\u00f6nb\u00f6zik mindent\u0151l.<\/p>\n<h2>A tahiti fekete gy\u00f6ngy\u00f6k min\u0151s\u00e9gi fokozatai<\/h2>\n<p>A min\u0151s\u00e9gi oszt\u00e1lyoz\u00e1s \u00f3ri\u00e1si jelent\u0151s\u00e9g\u0171 a tahiti fekete gy\u00f6ngy\u00f6kn\u00e9l \u2014 \u00e9s a t\u00e9t itt magasabb, mint a legt\u00f6bb gy\u00f6ngykateg\u00f3ri\u00e1ban, mert az \u00e1rak jelent\u0151sek. A ragyog\u00e1s az els\u0151 \u00e9s legfontosabb t\u00e9nyez\u0151. A legmagasabb min\u0151s\u00e9g\u0171 tahiti fekete gy\u00f6ngy\u00f6k m\u00e9ly, t\u00fck\u00f6rszer\u0171 ragyog\u00e1st mutatnak a teljes fel\u00fcleten. Majdnem \u00fagy, mintha a f\u00e9ny a gy\u00f6ngy belsej\u00e9b\u0151l j\u00f6nne, nem pedig arr\u00f3l ver\u0151dne vissza. Az alacsonyabb fokozat\u00fa gy\u00f6ngy\u00f6k unalmasnak vagy laposnak t\u0171nnek \u2014 a sz\u00edn ott van, de az \u00e9let nincs. \u00c9s a s\u00f6t\u00e9t gy\u00f6ngy\u00f6kn\u00e9l a lapos ragyog\u00e1s nyilv\u00e1nval\u00f3bban l\u00e1tszik, mint a feh\u00e9r gy\u00f6ngy\u00f6kn\u00e9l, ahol a sz\u00edn f\u00e9nyess\u00e9ge valamelyest kompenz\u00e1l.<\/p>\n<p><img loading=\"lazy\" decoding=\"async\" class=\"aligncenter wp-image-11138\" src=\"https:\/\/www.pearlsonly.hu\/blog\/wp-content\/uploads\/2026\/08\/05.-Quality-Grades-for-Tahiti-Black-Pearls.png\" alt=\"05. A tahiti fekete gy\u00f6ngy\u00f6k min\u0151s\u00e9gi fokozatai\" width=\"711\" height=\"400\" \/><\/p>\n<p>A fel\u00fcleti min\u0151s\u00e9g az AAA-t\u00f3l \u2014 k\u00f6zel hib\u00e1tlan, minim\u00e1lis t\u00f6k\u00e9letlens\u00e9gek csak nagy\u00edt\u00e1ssal l\u00e1that\u00f3k \u2014 az AA \u00e9s A fokozatokig terjed, egyre l\u00e1that\u00f3bb fel\u00fcleti jelekkel, dudorokkal \u00e9s szab\u00e1lytalans\u00e1gokkal. A beruh\u00e1z\u00e1si szint\u0171 tahiti fekete gy\u00f6ngy\u00e9kszerekn\u00e9l az AA a gyakorlati minimum, az AAA pedig a c\u00e9lra \u00e9rdemes m\u00e9rce. A nacre vastags\u00e1g\u00e1t Francia-Polin\u00e9zi\u00e1ban export eset\u00e9n minimum 0,8 mm-re szab\u00e1lyozz\u00e1k \u2014 de a legmagasabb min\u0151s\u00e9g\u0171 tahiti gy\u00f6ngy\u00f6k jellemz\u0151en 1,5 mm \u00e9s 3 mm k\u00f6z\u00f6tti nacret hordoznak. Ez a vastags\u00e1g az, ami a m\u00e9ly ragyog\u00e1st eredm\u00e9nyezi, \u00e9s ami biztos\u00edtja, hogy a gy\u00f6ngy \u00e9vtizedeken \u00e1t sz\u00e9pen \u00f6regszik, ahelyett, hogy eltompulna, ahogy a v\u00e9konyabb nacre elkopik.<\/p>\n<h2>Tahiti fekete gy\u00f6ngy\u00e9kszerek \u2014 Mit \u00e9rdemes v\u00e1s\u00e1rolni<\/h2>\n<p>A tahiti fekete gy\u00f6ngy\u00f6k gy\u00f6ny\u00f6r\u0171en m\u0171k\u00f6dnek minden \u00e9kszerkateg\u00f3ri\u00e1ban \u2014 \u00e9s a s\u00f6t\u00e9t sz\u00edn a term\u00e9szetes overtone-okkal olyan specifikus styling lehet\u0151s\u00e9geket teremt, amelyekkel a feh\u00e9r gy\u00f6ngyt\u00edpusok egyszer\u0171en nem rendelkeznek.<\/p>\n<p><img loading=\"lazy\" decoding=\"async\" class=\"aligncenter wp-image-11137\" src=\"https:\/\/www.pearlsonly.hu\/blog\/wp-content\/uploads\/2026\/08\/06.-Tahiti-Black-Pearl-Jewelry-\u2014-Whats-Worth-Buying.png\" alt=\"06. Tahiti fekete gy\u00f6ngy\u00e9kszerek \u2014 Mit \u00e9rdemes v\u00e1s\u00e1rolni\" width=\"711\" height=\"400\" \/><\/p>\n<p>Egy <b><a href=\"https:\/\/www.pearlsonly.hu\/tahitian-pearls\/\">tahiti fekete gy\u00f6ngysor<\/a><\/b> a kateg\u00f3ria k\u00f6z\u00e9ppontja. Egy 10\u201312 mm-es peacock gy\u00f6ngy\u00f6kb\u0151l \u00e1ll\u00f3, \u00f6sszeill\u0151 sor a finom \u00e9kszerek egyik legdr\u00e1maibb \u00e9s legjellegzetesebb darabja \u2014 s\u00f6t\u00e9t, dimenzion\u00e1lis \u00e9s k\u00fcl\u00f6nb\u00f6zik mindent\u0151l ezen az \u00e1rszinten. A <b><a href=\"https:\/\/www.pearlsonly.hu\/pearl-earrings\/\">tahiti fekete gy\u00f6ngy f\u00fclbeval\u00f3k<\/a><\/b> \u2014 studek vagy csepp alak\u00faak \u2014 a legk\u00f6nnyebben el\u00e9rhet\u0151 bel\u00e9p\u00e9si pont. Egy p\u00e1r 9 mm-es tahiti stud f\u00fclbeval\u00f3 er\u0151s ragyog\u00e1ssal b\u00e1rmilyen \u00f6lt\u00f6zetet \u00e1tgondoltt\u00e1 tesz. \u00c9s egyetlen <b><a href=\"https:\/\/www.pearlsonly.hu\/pearl-pendant\/\">tahiti fekete gy\u00f6ngy med\u00e1l<\/a><\/b> \u2014 egy kiv\u00e9teles kerek vagy csepp alak\u00fa gy\u00f6ngy finom aranyl\u00e1ncon \u2014 a legeleg\u00e1nsabb finom \u00e9kszerdarabok egyike, amely b\u00e1rmilyen \u00e1rszinten el\u00e9rhet\u0151. Egy gy\u00f6ngy. Egy l\u00e1nc. El\u00e9g.<\/p>\n<h2>Hogyan gondozzuk a tahiti fekete gy\u00f6ngy\u00f6ket<\/h2>\n<p>A tahiti fekete gy\u00f6ngy\u00f6k s\u00f3s v\u00edzi gy\u00f6ngy\u00f6k vastag nacr\u00e9val \u2014 val\u00f3ban robusztusak az \u00e9desv\u00edzi alternat\u00edv\u00e1khoz k\u00e9pest. De az alapvet\u0151 gondoz\u00e1s jelent\u0151sen sz\u00e1m\u00edt ezen az \u00e1rszinten. Teh\u00e1t a szab\u00e1ly minden gy\u00f6ngy\u00e9kszerre vonatkozik: a darabokat utolj\u00e1ra vedd fel, amikor k\u00e9sz\u00fclsz, \u00e9s els\u0151k\u00e9nt vedd le. A parf\u00fcm, a hajlakk \u00e9s a kozmetikumok id\u0151vel eltomp\u00edtj\u00e1k a nacret. \u00c9s a tahiti gy\u00f6ngy\u00f6k term\u00e9szetes s\u00f6t\u00e9t sz\u00edne azt jelenti, hogy b\u00e1rmilyen fel\u00fcleti eltompul\u00e1s nyilv\u00e1nval\u00f3bban l\u00e1tszik, mint egy feh\u00e9r gy\u00f6ngyn\u00e9l.<\/p>\n<p><img loading=\"lazy\" decoding=\"async\" class=\"aligncenter wp-image-11136\" src=\"https:\/\/www.pearlsonly.hu\/blog\/wp-content\/uploads\/2026\/08\/07.-How-to-Care-for-Tahiti-Black-Pearls.png\" alt=\"07. Hogyan gondozzuk a tahiti fekete gy\u00f6ngy\u00f6ket\" width=\"711\" height=\"400\" \/><\/p>\n<p>Visel\u00e9s ut\u00e1n finoman t\u00f6r\u00f6ld le puha, nedves ruh\u00e1val. Ezut\u00e1n t\u00e1rold elk\u00fcl\u00f6n\u00edtve a kem\u00e9nyebb \u00e9kszerekt\u0151l \u2014 a gy\u00e9m\u00e1ntok \u00e9s zaf\u00edrok k\u00f6nnyen karcolj\u00e1k a nacret, m\u00e9g r\u00f6vid \u00e9rintkez\u00e9s eset\u00e9n is az \u00e9kszerdobozban. Egy puha tasak vagy b\u00e9lelt rekesz minden, amire sz\u00fcks\u00e9ged van. \u00c9s a sorokat n\u00e9h\u00e1ny \u00e9vente f\u0171zesd \u00fajra, ha rendszeresen viseled. A selyemsz\u00e1l csendesen gyeng\u00fcl, \u00e9s egy elt\u00f6rt tahiti fekete gy\u00f6ngysor val\u00f3ban sz\u00edvet t\u00e9p\u0151 helyzet. Alapvet\u0151 gondoz\u00e1s. \u00c9vtizedek sz\u00e9ps\u00e9ge. Ez az eg\u00e9sz t\u00f6rt\u00e9net.<\/p>\n","protected":false},"excerpt":{"rendered":"<p>Discover Tahiti black pearls \u2014 their origin, natural colors, grades and what makes them so rare. Complete guide to buying with confidence. <a href=\"https:\/\/www.pearlsonly.hu\/blog\/tahiti-black-pearls-everything-you-need-to-know-before-buying\/\">Continue reading <span class=\"meta-nav\">&rarr;<\/span><\/a><\/p>\n","protected":false},"author":1,"featured_media":14678,"comment_status":"closed","ping_status":"closed","sticky":false,"template":"","format":"standard","meta":{"footnotes":""},"categories":[5911],"tags":[6458,8,6457,12],"class_list":["post-14676","post","type-post","status-publish","format-standard","has-post-thumbnail","hentry","category-pearls-education","tag-black-pearl-guide","tag-black-pearl-jewelry","tag-tahiti-black-pearls","tag-tahitian-black-pearls"],"_links":{"self":[{"href":"https:\/\/www.pearlsonly.hu\/blog\/wp-json\/wp\/v2\/posts\/14676","targetHints":{"allow":["GET"]}}],"collection":[{"href":"https:\/\/www.pearlsonly.hu\/blog\/wp-json\/wp\/v2\/posts"}],"about":[{"href":"https:\/\/www.pearlsonly.hu\/blog\/wp-json\/wp\/v2\/types\/post"}],"author":[{"embeddable":true,"href":"https:\/\/www.pearlsonly.hu\/blog\/wp-json\/wp\/v2\/users\/1"}],"replies":[{"embeddable":true,"href":"https:\/\/www.pearlsonly.hu\/blog\/wp-json\/wp\/v2\/comments?post=14676"}],"version-history":[{"count":4,"href":"https:\/\/www.pearlsonly.hu\/blog\/wp-json\/wp\/v2\/posts\/14676\/revisions"}],"predecessor-version":[{"id":14681,"href":"https:\/\/www.pearlsonly.hu\/blog\/wp-json\/wp\/v2\/posts\/14676\/revisions\/14681"}],"wp:featuredmedia":[{"embeddable":true,"href":"https:\/\/www.pearlsonly.hu\/blog\/wp-json\/wp\/v2\/media\/14678"}],"wp:attachment":[{"href":"https:\/\/www.pearlsonly.hu\/blog\/wp-json\/wp\/v2\/media?parent=14676"}],"wp:term":[{"taxonomy":"category","embeddable":true,"href":"https:\/\/www.pearlsonly.hu\/blog\/wp-json\/wp\/v2\/categories?post=14676"},{"taxonomy":"post_tag","embeddable":true,"href":"https:\/\/www.pearlsonly.hu\/blog\/wp-json\/wp\/v2\/tags?post=14676"}],"curies":[{"name":"wp","href":"https:\/\/api.w.org\/{rel}","templated":true}]}}